{"id":74603,"date":"2020-01-28T18:14:03","date_gmt":"2020-01-28T23:14:03","guid":{"rendered":"https:\/\/linitiative.ca\/International\/vote-des-burkinabe-de-letranger-lopposition-demande-la-prorogation-de-lenrolement-de-la-diaspora\/"},"modified":"2020-01-28T18:14:03","modified_gmt":"2020-01-28T23:14:03","slug":"vote-des-burkinabe-de-letranger-lopposition-demande-la-prorogation-de-lenrolement-de-la-diaspora","status":"publish","type":"post","link":"https:\/\/linitiative.ca\/International\/vote-des-burkinabe-de-letranger-lopposition-demande-la-prorogation-de-lenrolement-de-la-diaspora\/","title":{"rendered":"Vote des Burkinab\u00e8 de l\u2019\u00e9tranger  : l\u2019opposition demande la prorogation de l\u2019enr\u00f4lement de la diaspora"},"content":{"rendered":"<div class=\"td-post-featured-image\"><a href=\"https:\/\/i0.wp.com\/www.sidwaya.info\/wp-content\/uploads\/2020\/01\/1-44.jpg?fit=595%2C397&#038;ssl=1\" data-caption=\"\"><img loading=\"lazy\" decoding=\"async\" width=\"595\" height=\"397\" class=\"entry-thumb td-modal-image\" src=\"https:\/\/i0.wp.com\/www.sidwaya.info\/wp-content\/uploads\/2020\/01\/1-44.jpg?resize=595%2C397&#038;ssl=1\" srcset=\"https:\/\/i0.wp.com\/www.sidwaya.info\/wp-content\/uploads\/2020\/01\/1-44.jpg?w=595&#038;ssl=1 595w, https:\/\/i0.wp.com\/www.sidwaya.info\/wp-content\/uploads\/2020\/01\/1-44.jpg?resize=300%2C200&#038;ssl=1 300w\" sizes=\"auto, (max-width: 595px) 100vw, 595px\" alt=\"\" title=\"1\"\/><\/a><\/div>\n<p><strong>Le Chef de file de l\u2019opposition politique burkinab\u00e8 (CFOP) a anim\u00e9 son traditionnel point de presse, le mardi 28 janvier 2020 \u00e0 Ouagadougou. L\u2019ordre du jour a, entre autres, port\u00e9 sur la situation s\u00e9curitaire, l\u2019enr\u00f4lement de la diaspora sur le fichier \u00e9lectoral et le vote des lois \u00e0 la derni\u00e8re pl\u00e9ni\u00e8re de l\u2019Assembl\u00e9e nationale.<\/strong><\/p>\n<p>A la cl\u00f4ture de l\u2019enr\u00f4lement des Burkinab\u00e8 de l\u2019ext\u00e9rieur, seulement 22 858 compatriotes ont pu effectivement prendre leurs cartes d\u2019\u00e9lecteur. C\u2019est l\u2019information livr\u00e9e par le Chef de file de l\u2019opposition politique, le mardi 28 janvier 2020 \u00e0 Ouagadougou, lors de son hebdomadaire conf\u00e9rence de presse. \u00ab Il s\u2019agit d\u2019un \u00e9chec programm\u00e9 par le pouvoir en place \u00bb, a martel\u00e9 le pr\u00e9sident du Mouvement patriotique pour le Salut (MPS), Pr Augustin Loada, coanimateur de cette conf\u00e9rence avec le vice-pr\u00e9sident de l\u2019Union pour le progr\u00e8s et le changement (UPC), Amadou Diemdoda Dicko. C\u2019est pourquoi, conform\u00e9ment aux nouvelles dispositions du Code \u00e9lectoral, l\u2019opposition a demand\u00e9 la prorogation de l\u2019enr\u00f4lement des Burkinab\u00e8 de la diaspora. Toutefois, elle a estim\u00e9 que la r\u00e9vision de cette disposition, dont elle s\u2019est f\u00e9licit\u00e9e, aurait d\u00fb intervenir plus t\u00f4t, \u00e0 l\u2019effet de permettre \u00e0 la grande majorit\u00e9 des Burkinab\u00e8 de l\u2019ext\u00e9rieur de se faire enr\u00f4ler. Par ailleurs, elle a salu\u00e9 le vote de la loi portant fixation de quota et modalit\u00e9s de positionnement des candidats ou candidates aux \u00e9lections municipales et<br \/>l\u00e9gislatives.<\/p>\n<p>L\u2019opposition politique s\u2019est aussi inqui\u00e9t\u00e9e de la tournure que prend la situation s\u00e9curitaire au Burkina, marqu\u00e9e par des attaques de plus en plus orient\u00e9es vers les populations civiles. Elle en veut pour preuve la mort de 36 personnes le 20 janvier 2020 dans la commune de Barsalgo et, derni\u00e8rement, le massacre de dizaines de civils annonc\u00e9 \u00e0 Silgadji, dans la province du Soum. \u00ab La crise s\u00e9curitaire que conna\u00eet notre pays, depuis quatre ans, est malheureusement en train de prendre de l\u2019ampleur \u00bb, a d\u00e9plor\u00e9 Augustin Loada. Face \u00e0 cette terreur que les terroristes ambitionnent d\u2019installer sur l\u2019ensemble du territoire, a rappel\u00e9 l\u2019opposition politique, il appartient au gouvernement de donner davantage de moyens de combat aux Forces de d\u00e9fense et de s\u00e9curit\u00e9 (FDS) et d\u2019organiser les renseignements et les relais locaux pour la d\u00e9fense de la patrie. D\u00e9j\u00e0, le CFOP s\u2019est r\u00e9joui de l\u2019annonce r\u00e9cente du recrutement de 2 000 militaires de rang afin de pr\u00eater main forte \u00e0 ceux qui sont d\u00e9j\u00e0 sur le terrain. Les animateurs des \u00e9changes avec la presse ont poursuivi que les d\u00e9put\u00e9s de l\u2019opposition ont vot\u00e9 la loi sur le recrutement des Volontaires de la d\u00e9fense pour la patrie (VDP) par patriotisme.<\/p>\n<p>Devant les journalistes, l\u2019animateur principal du point de presse est aussi revenu sur le rapport 2019 de l\u2019ONG Transparency international, publi\u00e9 le 23 janvier 2020. Dans ce document, a indiqu\u00e9 le Pr Augustin Loada, \u00ab le r\u00e9gime actuel a r\u00e9ussi la triste performance de hisser \u00bb le Burkina Faso de la 72e place en 2016, \u00e0 la 85e en 2019. Toute chose qui fait que l\u2019opposition s\u2019interroge sur ce que font les institutions de lutte contre la corruption. \u00ab O\u00f9 sont pass\u00e9es les promesses d\u2019une gouvernance vertueuse? \u00bb, s\u2019est demand\u00e9 le pr\u00e9sident du MPS. Pour rem\u00e9dier \u00e0 ce mal qui \u00ab annihile les efforts de d\u00e9veloppement \u00bb, le CFOP a propos\u00e9, entre autres solutions, le renforcement des syst\u00e8mes de redevabilit\u00e9, la promotion de la s\u00e9paration des pouvoirs, le contr\u00f4le des financements politiques, le renforcement de l\u2019int\u00e9grit\u00e9 \u00e9lectorale, la pr\u00e9vention et la sanction des campagnes de d\u00e9sinformation.<\/p>\n<p class=\"c1\"><strong>Souma\u00efla BONKOUNGOU &#038;<\/strong><br \/><strong>Rahissa CESSOUMA<\/strong><br \/><strong>(Stagiaire)<\/strong><\/p>\n<div class=\"td-a-rec td-a-rec-id-content_bottom tdi_30_aa4 td_block_template_1\"><img loading=\"lazy\" decoding=\"async\" class=\"aligncenter size-full wp-image-9623\" src=\"https:\/\/www.sidwaya.info\/wp-content\/uploads\/2019\/06\/Projet-bannie%CC%80re-Orange-mobile.jpg\" alt=\"\" width=\"728\" height=\"81\"\/><\/div>\n<p>Auteur: DD. Sidwaya<br \/>\n<a href=\"https:\/\/www.sidwaya.info\/blog\/2020\/01\/28\/vote-des-burkinabe-de-letranger-lopposition-demande-la-prorogation-de-lenrolement-de-la-diaspora\/\">Cliquez ici pour lire l&rsquo;article depuis sa source.<\/a><\/p>\n","protected":false},"excerpt":{"rendered":"<p>Le Chef de file de l\u2019opposition politique burkinab\u00e8 (CFOP) a anim\u00e9 son traditionnel point de presse, le mardi 28 janvier 2020 \u00e0 Ouagadougou. L\u2019ordre du jour a, entre autres, port\u00e9 sur la situation s\u00e9curitaire, l\u2019enr\u00f4lement de la diaspora sur le fichier \u00e9lectoral et le vote des lois \u00e0 la derni\u00e8re pl\u00e9ni\u00e8re de l\u2019Assembl\u00e9e nationale. A [&hellip;]<\/p>\n","protected":false},"author":1816,"featured_media":0,"comment_status":"closed","ping_status":"closed","sticky":false,"template":"","format":"standard","meta":{"fifu_image_url":"","fifu_image_alt":"","footnotes":""},"categories":[73,81],"tags":[],"class_list":["post-74603","post","type-post","status-publish","format-standard","hentry","category-actualite","category-burkina-faso"],"_links":{"self":[{"href":"https:\/\/linitiative.ca\/International\/wp-json\/wp\/v2\/posts\/74603","targetHints":{"allow":["GET"]}}],"collection":[{"href":"https:\/\/linitiative.ca\/International\/wp-json\/wp\/v2\/posts"}],"about":[{"href":"https:\/\/linitiative.ca\/International\/wp-json\/wp\/v2\/types\/post"}],"author":[{"embeddable":true,"href":"https:\/\/linitiative.ca\/International\/wp-json\/wp\/v2\/users\/1816"}],"replies":[{"embeddable":true,"href":"https:\/\/linitiative.ca\/International\/wp-json\/wp\/v2\/comments?post=74603"}],"version-history":[{"count":0,"href":"https:\/\/linitiative.ca\/International\/wp-json\/wp\/v2\/posts\/74603\/revisions"}],"wp:attachment":[{"href":"https:\/\/linitiative.ca\/International\/wp-json\/wp\/v2\/media?parent=74603"}],"wp:term":[{"taxonomy":"category","embeddable":true,"href":"https:\/\/linitiative.ca\/International\/wp-json\/wp\/v2\/categories?post=74603"},{"taxonomy":"post_tag","embeddable":true,"href":"https:\/\/linitiative.ca\/International\/wp-json\/wp\/v2\/tags?post=74603"}],"curies":[{"name":"wp","href":"https:\/\/api.w.org\/{rel}","templated":true}]}}