{"id":74704,"date":"2020-01-30T14:51:46","date_gmt":"2020-01-30T19:51:46","guid":{"rendered":"https:\/\/linitiative.ca\/International\/la-reforme-de-la-profession-de-comptable-agree-sur-de-bons-rails\/"},"modified":"2020-01-30T14:51:46","modified_gmt":"2020-01-30T19:51:46","slug":"la-reforme-de-la-profession-de-comptable-agree-sur-de-bons-rails","status":"publish","type":"post","link":"https:\/\/linitiative.ca\/International\/la-reforme-de-la-profession-de-comptable-agree-sur-de-bons-rails\/","title":{"rendered":"La r\u00e9forme de la profession de comptable agr\u00e9\u00e9 sur de bons rails"},"content":{"rendered":"<p><strong>L\u2019Ex\u00e9cutif a adopt\u00e9, le 30 janvier, en conseil de gouvernement, un projet de loi relatif \u00e0 la r\u00e9glementation de la profession de comptable agr\u00e9\u00e9.<\/strong><\/p>\n<div class=\"c10\"\/>\n<p>Le Conseil du <strong>gouvernement<\/strong>, tenu jeudi sous la pr\u00e9sidence du Chef du gouvernement, Saad Dine El Otmani, a adopt\u00e9 le projet de loi n\u00b0 53-19 modifiant et compl\u00e9tant la loi n\u00b0127-12 promulgu\u00e9e par le Dahir n\u00b0 1.15.111 du 4 ao\u00fbt 2015 relative \u00e0 la <strong>r\u00e9glementation<\/strong> de la profession de comptable agr\u00e9\u00e9, \u00e0 l\u2019institution de l\u2019organisation professionnelle des comptables agr\u00e9\u00e9s et \u00e0 la mise en place de dispositions transitoires et exceptionnelles relatives \u00e0 l\u2019acc\u00e8s au statut de comptable agr\u00e9\u00e9.<\/p>\n<p>Lire aussi: <a href=\"https:\/\/www.challenge.ma\/abattoirs-lordre-des-veterinaires-monte-au-creneau-112129\/\">Abattoirs : l\u2019Ordre des v\u00e9t\u00e9rinaires monte au cr\u00e9neau<\/a><\/p>\n<p><strong>\u00ab<\/strong> Ce projet de loi, pr\u00e9sent\u00e9 par le ministre de l\u2019\u00e9conomie, des finances et de la r\u00e9forme de l\u2019administration, vise \u00e0 mettre en place une r\u00e9forme globale s\u2019inscrivant dans le cadre d\u2019une <strong>vision int\u00e9gr\u00e9e<\/strong> \u00e0 m\u00eame de promouvoir la profession et d\u00e9passer l\u2019\u00e9tat d\u2019inertie de l\u2019organisation professionnelle des comptables agr\u00e9\u00e9s<strong>\u00bb<\/strong> , a fait savoir le ministre de la Culture, et porte-parole du gouvernement, El Hassan Abyaba.<br \/>Ledit projet de loi vise \u00e9galement \u00e0 rem\u00e9dier aux <strong>lacunes<\/strong> de l\u2019application de la loi n\u00b0 127-12, \u00e0 travers l\u2019amendement des alin\u00e9as 21, 40, 43, 44, 60 et 62, et l\u2019introduction de 5 dispositions transitoires et exceptionnelles relatives \u00e0 l\u2019acc\u00e8s au statut de comptable agr\u00e9\u00e9, a-t-il ajout\u00e9.<\/p>\n<div class=\"c17\">\n<fieldset class=\"c16\">\n<legend><strong><span class=\"c11\">Challenge<\/span><span class=\"c12\">news<\/span><\/strong><\/legend>\n<div class=\"c15\">Le meilleur de Challenge s\u00e9lectionn\u00e9 par la r\u00e9daction :<\/p>\n<\/div>\n<\/fieldset>\n<\/div>\n<p>Auteur: challenge<br \/>\n<a href=\"https:\/\/www.challenge.ma\/la-reforme-de-la-profession-de-comptable-agree-sur-de-bons-rails-129241\/\">Cliquez ici pour lire l&rsquo;article depuis sa source.<\/a><\/p>\n","protected":false},"excerpt":{"rendered":"<p>L\u2019Ex\u00e9cutif a adopt\u00e9, le 30 janvier, en conseil de gouvernement, un projet de loi relatif \u00e0 la r\u00e9glementation de la profession de comptable agr\u00e9\u00e9. Le Conseil du gouvernement, tenu jeudi sous la pr\u00e9sidence du Chef du gouvernement, Saad Dine El Otmani, a adopt\u00e9 le projet de loi n\u00b0 53-19 modifiant et compl\u00e9tant la loi n\u00b0127-12 [&hellip;]<\/p>\n","protected":false},"author":1787,"featured_media":0,"comment_status":"closed","ping_status":"closed","sticky":false,"template":"","format":"standard","meta":{"fifu_image_url":"","fifu_image_alt":"","footnotes":""},"categories":[78,54],"tags":[],"class_list":["post-74704","post","type-post","status-publish","format-standard","hentry","category-economie","category-maroc"],"_links":{"self":[{"href":"https:\/\/linitiative.ca\/International\/wp-json\/wp\/v2\/posts\/74704","targetHints":{"allow":["GET"]}}],"collection":[{"href":"https:\/\/linitiative.ca\/International\/wp-json\/wp\/v2\/posts"}],"about":[{"href":"https:\/\/linitiative.ca\/International\/wp-json\/wp\/v2\/types\/post"}],"author":[{"embeddable":true,"href":"https:\/\/linitiative.ca\/International\/wp-json\/wp\/v2\/users\/1787"}],"replies":[{"embeddable":true,"href":"https:\/\/linitiative.ca\/International\/wp-json\/wp\/v2\/comments?post=74704"}],"version-history":[{"count":0,"href":"https:\/\/linitiative.ca\/International\/wp-json\/wp\/v2\/posts\/74704\/revisions"}],"wp:attachment":[{"href":"https:\/\/linitiative.ca\/International\/wp-json\/wp\/v2\/media?parent=74704"}],"wp:term":[{"taxonomy":"category","embeddable":true,"href":"https:\/\/linitiative.ca\/International\/wp-json\/wp\/v2\/categories?post=74704"},{"taxonomy":"post_tag","embeddable":true,"href":"https:\/\/linitiative.ca\/International\/wp-json\/wp\/v2\/tags?post=74704"}],"curies":[{"name":"wp","href":"https:\/\/api.w.org\/{rel}","templated":true}]}}