{"id":75100,"date":"2020-02-04T09:29:29","date_gmt":"2020-02-04T14:29:29","guid":{"rendered":"https:\/\/linitiative.ca\/International\/ficam-2020-une-19eme-edition-qui-celebre-legypte\/"},"modified":"2020-02-04T09:29:29","modified_gmt":"2020-02-04T14:29:29","slug":"ficam-2020-une-19eme-edition-qui-celebre-legypte","status":"publish","type":"post","link":"https:\/\/linitiative.ca\/International\/ficam-2020-une-19eme-edition-qui-celebre-legypte\/","title":{"rendered":"FICAM 2020 : Une 19\u00e8me \u00e9dition  qui c\u00e9l\u00e8bre l\u2019\u00c9gypte"},"content":{"rendered":"<p><img decoding=\"async\" class=\"post_layout_5_img\" src=\"http:\/\/aujourdhui.ma\/wp-content\/uploads\/2020\/02\/Ficam-2020.jpg?x29840\" alt=\"FICAM 2020 : Une 19\u00e8me \u00e9dition qui c\u00e9l\u00e8bre l\u2019\u00c9gypte\"\/><\/p>\n<p class=\"p1\"><span class=\"c4\"><strong>\u00abLe chevalier et la princesse\u00bb ouvre le bal<\/strong><\/span> <span id=\"more-332024\"\/><\/p>\n<div class=\"base-box mom_box_sc_custom mom_box_sc clear c5\" readability=\"9\">\n<p class=\"p1\"><strong><span class=\"s1\"><em>Le festival consacre une r\u00e9trospective aux fr\u00e8res Frenkel, pionniers du cin\u00e9ma d\u2019animation en Egypte dans le tr\u00e8s beau cin\u00e9ma Cam\u00e9ra de Mekn\u00e8s qui date des ann\u00e9es trente.<\/em><\/span><\/strong><\/p>\n<\/div>\n<p class=\"p1\">Plac\u00e9 sous le Haut patronage de Sa Majest\u00e9 le Roi Mohammed VI, et organis\u00e9 par la Fondation A\u00efcha, en partenariat avec l\u2019Institut fran\u00e7ais de Mekn\u00e8s, le Festival international du cin\u00e9ma d\u2019animation de Mekn\u00e8s (FICAM) est d\u00e9j\u00e0 \u00e0 sa 19\u00e8me \u00e9dition. Celle-ci se tiendra du 20 au 25 mars 2020. Selon les organisateurs, cette ann\u00e9e, le festival c\u00e9l\u00e8bre les 85 ans du premier film d\u2019animation \u00e9gyptien et africain en consacrant l\u2019Egypte comme invit\u00e9e d\u2019honneur. <em>\u00abCet hommage \u00e0 l\u2019animation \u00e9gyptienne se traduira \u00e0 travers la projection du film Le chevalier et la princesse, une r\u00e9trospective ainsi qu\u2019une exposition d\u00e9di\u00e9e aux trois fr\u00e8res Frenkel, et un panorama du film d\u2019animation \u00e9gyptien\u00bb, indique-t-on.<\/em><\/p>\n<p class=\"p1\"><em>Ainsi, \u00abLe chevalier et la princesse\u00bb,<\/em> premier long-m\u00e9trage d\u2019animation \u00e9gyptien, ouvrira cette 19\u00e8me \u00e9dition en pr\u00e9sence de Bashir Eldik, sc\u00e9nariste et r\u00e9alisateur \u00e9gyptien, et Abbass Bin Alabass, producteur saoudien du film au th\u00e9\u00e2tre de l\u2019Institut fran\u00e7ais de Mekn\u00e8s. Connu essentiellement pour \u00eatre un des sc\u00e9naristes les plus c\u00e9l\u00e8bres du cin\u00e9ma \u00e9gyptien, Bashir Eldik est \u00e9galement un r\u00e9alisateur de cin\u00e9ma, Le d\u00e9luge (Al-Toufan) en 1985 et La route du voyage (Sekat Safar) en 1987. Apr\u00e8s avoir commenc\u00e9 \u00e0 \u00e9crire des nouvelles litt\u00e9raires, Bashir Eldik va \u00eatre attir\u00e9 par le cin\u00e9ma \u00e0 la fin des ann\u00e9es 70 en signant les sc\u00e9narios de plusieurs films m\u00e9morables du cin\u00e9ma \u00e9gyptien et en travaillant avec de grands r\u00e9alisateurs comme Achraf Fahmi, Avec pr\u00e9m\u00e9ditation (Maa Sabk Alisrar, 1979), Atef Tayeb le Chauffeur de bus (Sawak Al-Autobus, 1983), Contre le gouvernement (Did Alhokouma, 1992), Naji Al-Ali (1992)\u2026<\/p>\n<p class=\"p1\">Le festival consacre \u00e9galement, selon les initiateurs, une r\u00e9trospective aux fr\u00e8res Frenkel, pionniers du cin\u00e9ma d\u2019animation en Egypte dans le tr\u00e8s beau cin\u00e9ma Cam\u00e9ra de Mekn\u00e8s qui date des ann\u00e9es trente, l\u2019\u00e9poque de la naissance des Mish Mish Efendy, personnes embl\u00e9matiques des trois cin\u00e9astes. Didier Frenkel, fils et neveu des fr\u00e8res Frenkel, pr\u00e9sentera, sur support 35mm, des tr\u00e9sors de l\u2019animation: Mafish fayda (1936), D\u00e9fense nationale (1939), Bilhana oua chifa (1946)\u2026 Par ailleurs, le FICAM pr\u00e9sentera une exposition exceptionnelle avec des documents exclusifs pr\u00e9sent\u00e9s pour la premi\u00e8re fois: cellulo\u00efds, affiches, coupures de presse, correspondances\u2026<\/p>\n<p>Auteur: ALM<br \/>\n<a href=\"http:\/\/aujourdhui.ma\/culture\/cinema\/ficam-2020-une-19eme-edition-qui-celebre-legypte\">Cliquez ici pour lire l&rsquo;article depuis sa source.<\/a><\/p>\n","protected":false},"excerpt":{"rendered":"<p>\u00abLe chevalier et la princesse\u00bb ouvre le bal Le festival consacre une r\u00e9trospective aux fr\u00e8res Frenkel, pionniers du cin\u00e9ma d\u2019animation en Egypte dans le tr\u00e8s beau cin\u00e9ma Cam\u00e9ra de Mekn\u00e8s qui date des ann\u00e9es trente. Plac\u00e9 sous le Haut patronage de Sa Majest\u00e9 le Roi Mohammed VI, et organis\u00e9 par la Fondation A\u00efcha, en partenariat [&hellip;]<\/p>\n","protected":false},"author":1759,"featured_media":0,"comment_status":"closed","ping_status":"closed","sticky":false,"template":"","format":"standard","meta":{"fifu_image_url":"","fifu_image_alt":"","footnotes":""},"categories":[73,54],"tags":[],"class_list":["post-75100","post","type-post","status-publish","format-standard","hentry","category-actualite","category-maroc"],"_links":{"self":[{"href":"https:\/\/linitiative.ca\/International\/wp-json\/wp\/v2\/posts\/75100","targetHints":{"allow":["GET"]}}],"collection":[{"href":"https:\/\/linitiative.ca\/International\/wp-json\/wp\/v2\/posts"}],"about":[{"href":"https:\/\/linitiative.ca\/International\/wp-json\/wp\/v2\/types\/post"}],"author":[{"embeddable":true,"href":"https:\/\/linitiative.ca\/International\/wp-json\/wp\/v2\/users\/1759"}],"replies":[{"embeddable":true,"href":"https:\/\/linitiative.ca\/International\/wp-json\/wp\/v2\/comments?post=75100"}],"version-history":[{"count":0,"href":"https:\/\/linitiative.ca\/International\/wp-json\/wp\/v2\/posts\/75100\/revisions"}],"wp:attachment":[{"href":"https:\/\/linitiative.ca\/International\/wp-json\/wp\/v2\/media?parent=75100"}],"wp:term":[{"taxonomy":"category","embeddable":true,"href":"https:\/\/linitiative.ca\/International\/wp-json\/wp\/v2\/categories?post=75100"},{"taxonomy":"post_tag","embeddable":true,"href":"https:\/\/linitiative.ca\/International\/wp-json\/wp\/v2\/tags?post=75100"}],"curies":[{"name":"wp","href":"https:\/\/api.w.org\/{rel}","templated":true}]}}