{"id":75102,"date":"2020-02-04T09:53:09","date_gmt":"2020-02-04T14:53:09","guid":{"rendered":"https:\/\/linitiative.ca\/International\/entrepreneuriat-entre-les-deux-rives-20-ans-deja-pour-lassociation-maroc-entrepreneurs\/"},"modified":"2020-02-04T09:53:09","modified_gmt":"2020-02-04T14:53:09","slug":"entrepreneuriat-entre-les-deux-rives-20-ans-deja-pour-lassociation-maroc-entrepreneurs","status":"publish","type":"post","link":"https:\/\/linitiative.ca\/International\/entrepreneuriat-entre-les-deux-rives-20-ans-deja-pour-lassociation-maroc-entrepreneurs\/","title":{"rendered":"Entrepreneuriat entre les deux rives : 20 ans d\u00e9j\u00e0 pour l\u2019association Maroc Entrepreneurs"},"content":{"rendered":"<p><img decoding=\"async\" class=\"post_layout_5_img\" src=\"http:\/\/aujourdhui.ma\/wp-content\/uploads\/2020\/02\/Association-Maroc-Entrepreneurs.jpg?x29840\" alt=\"Entrepreneuriat entre les deux rives : 20 ans d\u00e9j\u00e0 pour l\u2019association Maroc Entrepreneurs\"\/><\/p>\n<p><span class=\"s1 c5\"><strong><span class=\"c4\">L\u2019Objectif premier de l\u2019\u00e9v\u00e9nement est de cr\u00e9er le d\u00e9bat sur l\u2019acc\u00e8s aux financements pour la cr\u00e9ation de l\u2019entreprise et les start-up et qui rentre directement dans la vision royale compte tenu des derni\u00e8res directives donn\u00e9es pour plafonner le taux de cr\u00e9dit bancaire octroy\u00e9 aux TPE.<\/span><\/strong><\/span><\/p>\n<div class=\"base-box mom_box_sc_custom mom_box_sc clear c7\" readability=\"11\">\n<p class=\"p1\"><span class=\"c6\"><strong><span class=\"s1\"><em>La 12 \u00e9dition de la Journ\u00e9e de la cr\u00e9ation d\u2019entreprise a co\u00efncid\u00e9 avec le 20\u00e8me anniversaire de l\u2019Association Maroc Entrepreneurs. Plac\u00e9 sous le th\u00e8me \u00ab20 ans de progr\u00e8s: quels d\u00e9fis pour le Maroc de demain?\u00bb, l\u2019\u00e9v\u00e9nement a permis de revenir sur les principaux m\u00e9canismes de financement d\u00e9di\u00e9s \u00e0 la PME mais aussi sur les principaux d\u00e9fis du Maroc dans le domaine. Retour sur les faits saillants d\u2019un \u00e9v\u00e9nement mettant en avant la valeur ajout\u00e9e des Marocains de France\u2026<\/em><\/span><\/strong><\/span><\/p>\n<\/div>\n<p class=\"p1\"><span class=\"s1\">C\u2019est le 25 janvier dernier que s\u2019est tenue la 12\u00e8me \u00e9dition de la Journ\u00e9e de la cr\u00e9ation d\u2019entreprise. L\u2019\u00e9v\u00e9nement phare de l\u2019Association Maroc Entrepreneurs, organis\u00e9 \u00e0 l\u2019Institut de France de Paris, a \u00e9t\u00e9 plac\u00e9 sous la th\u00e9matique \u00abB\u00e2tissons ensemble le Maroc de demain\u00bb. Les enjeux sont r\u00e9els. L\u2019\u00e9v\u00e9nement fut marqu\u00e9, d\u2019ailleurs, par la participation de cinq experts et institutionnels marocains, en l\u2019occurrence Taoufik Lahrach, secr\u00e9taire g\u00e9n\u00e9ral de la Caisse centrale de garantie (CCG), Mounia Boumehdi, directrice g\u00e9n\u00e9rale de Maroc Numeric Fund, Ghizlane Maghnouj Elmanjra, entrepreneure sociale et fondatrice de l\u2019initiative citoyenne \u00abMaroc Impact\u00bb, Youssef Saadani, directeur des \u00e9tudes \u00e9conomiques de la Caisse de d\u00e9p\u00f4t et de gestion (CDG) et membre de la commission sp\u00e9ciale sur le mod\u00e8le de d\u00e9veloppement, et Khalil Azzouzi, fondateur et associ\u00e9 au Fonds d\u2019investissement en capital risque \u00abAzur Innovation\u00bb.<\/span><\/p>\n<p class=\"p1\"><span class=\"s1\">L\u2019Objectif premier de l\u2019\u00e9v\u00e9nement est de cr\u00e9er le d\u00e9bat sur l\u2019acc\u00e8s aux financements pour la cr\u00e9ation de l\u2019entreprise et les start-up et qui rentre directement dans la vision royale compte tenu des derni\u00e8res directives donn\u00e9es pour plafonner le taux de cr\u00e9dit bancaire octroy\u00e9 aux TPE. Le porte-parole de la CCG est revenu sur les pr\u00e9rogatives de la caisse et son r\u00f4le dans la facilitation de l\u2019acc\u00e8s des entreprises aux cr\u00e9dits. Pour lui, <em>\u00able financement demeure l\u2019une des principales probl\u00e9matiques pour les entrepreneurs mais, d\u00e9sormais, tout entrepreneur marocain ou \u00e9tranger a acc\u00e8s \u00e0 diverses formules de financement et d\u2019encouragement \u00e0 l\u2019investissement\u00bb.<\/em><\/span><\/p>\n<p class=\"p1\"><span class=\"s1\">La directrice g\u00e9n\u00e9rale de Maroc Numeric Fund a rappel\u00e9, quant \u00e0 elle, les contraintes de l\u2019entreprise, li\u00e9es notamment sur les d\u00e9lais de paiement qui impactent n\u00e9gativement les PME. Pour elle, <em>\u00abil s\u2019agit de r\u00e9tablir la confiance dans le climat d\u2019affaires au Maroc et d\u2019\u0153uvrer en vue de plus d\u2019\u00e9galit\u00e9 de chances afin d\u2019am\u00e9liorer l\u2019attractivit\u00e9 du Royaume pour les membres de la communaut\u00e9 marocaine install\u00e9e \u00e0 l\u2019\u00e9tranger\u00bb<\/em>.<\/span><\/p>\n<p class=\"p1\"><span class=\"s1\">A son tour, Mme Maghnouj Elmanjra, fondatrice de l\u2019initiative citoyenne \u00abMaroc Impact\u00bb, a d\u00e9velopp\u00e9 le concept de l\u2019\u00e9conomie sociale qui, selon elle, est devenu une alternative n\u00e9cessaire, appelant \u00e0 mettre l\u2019\u00e9conomie sociale au c\u0153ur du projet de d\u00e9veloppement du Royaume. Youssef Saadani, directeur des \u00e9tudes \u00e9conomiques \u00e0 la CDG et membre de la Commission sp\u00e9ciale sur le mod\u00e8le de d\u00e9veloppement, a \u00e9voqu\u00e9, quant \u00e0 lui, les missions de la CDG en l\u2019assimilant au bras financier de l\u2019Etat.<\/span><\/p>\n<p class=\"p1\"><span class=\"s1\">Khalil Azzouzi, fondateur et associ\u00e9 au Fonds d\u2019investissement en capital risque \u00abAzur Innovation\u00bb, a estim\u00e9, quant \u00e0 lui, que <em>\u00ables banques marocaines sont appel\u00e9es \u00e0 \u00e9voluer et \u00e0 s\u2019adapter aux nouveaux d\u00e9fis de l\u2019\u00e9conomie mondialis\u00e9e et les nouvelles probl\u00e9matiques qui se posent \u00e0 l\u2019entreprise\u00bb<\/em>.<\/span><\/p>\n<p class=\"p1\"><span class=\"s1\">Selon lui, <em>\u00abtout nouveau mod\u00e8le de d\u00e9veloppement doit imp\u00e9rativement s\u2019adapter \u00e0 l\u2019\u00e8re de l\u2019\u00e9conomie 4.0, mettant en avant les pr\u00e9alables \u00e0 la r\u00e9ussite de l\u2019entrepreneuriat au Maroc, notamment la formation, le soutien public et institutionnel et l\u2019innovation\u00bb.<\/em><\/span><\/p>\n<p class=\"p1\"><span class=\"s1\">L\u2019\u00e9v\u00e9nement qui a couronn\u00e9 les 20 ans de l\u2019association a donc permis de r\u00e9unir institutionnels et diplomates ainsi que chefs d\u2019entreprises et start-up fran\u00e7aises et marocaines autour de la question de la cr\u00e9ation d\u2019entreprises vecteur de choix dans le d\u00e9veloppement \u00e9conomique du Maroc.<\/span><\/p>\n<p class=\"p1\"><span class=\"s1\">Pour rappel, le \u00abForum Tremplin Maroc\u00bb a r\u00e9uni comme \u00e0 l\u2019accoutum\u00e9e et en marge de la 12\u00e8me \u00e9dition les acteurs des \u00e9cosyst\u00e8mes marocain et fran\u00e7ais traitant des th\u00e9matiques entrepreneuriales et d\u2019innovation avec au menu des master class, business dating, networking et entretiens avec les m\u00e9dias. Une centaine de participants a r\u00e9pondu pr\u00e9sent \u00e0 l\u2019appel et les entrepreneurs retenus ont pu pr\u00e9senter leur projet au concours Pitch Your Project By Maroc Entrepreneurs.<\/span><\/p>\n<p>Auteur: Dounia Essabban<br \/>\n<a href=\"http:\/\/aujourdhui.ma\/emploi\/entrepreneuriat-entre-les-deux-rives-20-ans-deja-pour-lassociation-maroc-entrepreneurs\">Cliquez ici pour lire l&rsquo;article depuis sa source.<\/a><\/p>\n","protected":false},"excerpt":{"rendered":"<p>L\u2019Objectif premier de l\u2019\u00e9v\u00e9nement est de cr\u00e9er le d\u00e9bat sur l\u2019acc\u00e8s aux financements pour la cr\u00e9ation de l\u2019entreprise et les start-up et qui rentre directement dans la vision royale compte tenu des derni\u00e8res directives donn\u00e9es pour plafonner le taux de cr\u00e9dit bancaire octroy\u00e9 aux TPE. La 12 \u00e9dition de la Journ\u00e9e de la cr\u00e9ation d\u2019entreprise [&hellip;]<\/p>\n","protected":false},"author":1759,"featured_media":0,"comment_status":"closed","ping_status":"closed","sticky":false,"template":"","format":"standard","meta":{"fifu_image_url":"","fifu_image_alt":"","footnotes":""},"categories":[73,54],"tags":[],"class_list":["post-75102","post","type-post","status-publish","format-standard","hentry","category-actualite","category-maroc"],"_links":{"self":[{"href":"https:\/\/linitiative.ca\/International\/wp-json\/wp\/v2\/posts\/75102","targetHints":{"allow":["GET"]}}],"collection":[{"href":"https:\/\/linitiative.ca\/International\/wp-json\/wp\/v2\/posts"}],"about":[{"href":"https:\/\/linitiative.ca\/International\/wp-json\/wp\/v2\/types\/post"}],"author":[{"embeddable":true,"href":"https:\/\/linitiative.ca\/International\/wp-json\/wp\/v2\/users\/1759"}],"replies":[{"embeddable":true,"href":"https:\/\/linitiative.ca\/International\/wp-json\/wp\/v2\/comments?post=75102"}],"version-history":[{"count":0,"href":"https:\/\/linitiative.ca\/International\/wp-json\/wp\/v2\/posts\/75102\/revisions"}],"wp:attachment":[{"href":"https:\/\/linitiative.ca\/International\/wp-json\/wp\/v2\/media?parent=75102"}],"wp:term":[{"taxonomy":"category","embeddable":true,"href":"https:\/\/linitiative.ca\/International\/wp-json\/wp\/v2\/categories?post=75102"},{"taxonomy":"post_tag","embeddable":true,"href":"https:\/\/linitiative.ca\/International\/wp-json\/wp\/v2\/tags?post=75102"}],"curies":[{"name":"wp","href":"https:\/\/api.w.org\/{rel}","templated":true}]}}