{"id":75109,"date":"2020-02-04T13:04:43","date_gmt":"2020-02-04T18:04:43","guid":{"rendered":"https:\/\/linitiative.ca\/International\/djelfa-une-fresque-murale-pour-exprimer-les-souffrances-des-cancereux\/"},"modified":"2020-02-04T13:04:43","modified_gmt":"2020-02-04T18:04:43","slug":"djelfa-une-fresque-murale-pour-exprimer-les-souffrances-des-cancereux","status":"publish","type":"post","link":"https:\/\/linitiative.ca\/International\/djelfa-une-fresque-murale-pour-exprimer-les-souffrances-des-cancereux\/","title":{"rendered":"Djelfa: une fresque murale pour exprimer les souffrances des canc\u00e9reux"},"content":{"rendered":"<div readability=\"33\">\n<p><strong>DJELFA &#8211; Les souffrances physiques et morales endur\u00e9es par las malades du cancer ont constitu\u00e9 l\u2019objet d\u2019une fresque murale r\u00e9alis\u00e9e par un groupe de jeunes de la wilaya de Djelfa.<\/strong><\/p>\n<\/div>\n<div readability=\"89\">\n<p>Dans une initiative unique du genre, ces jeunes connus sur la Toile, sous le nom \u00ab\u00a0Coin-art\u00a0\u00bb, ont voulu exprim\u00e9, selon leurs moyens, les souffrances endur\u00e9es par les malades du cancer lors des s\u00e9ances \u00e9prouvantes de chimio et radioth\u00e9rapie, leur d\u00e9sespoir parfois, mais \u00e9galement leur aspiration \u00e0 des jours meilleurs.<\/p>\n<p>Cette \u0153uvre d\u2019art, r\u00e9alis\u00e9e sur le mur d\u2019un immeuble de la cit\u00e9 administrative \u00ab\u00a0Mohamed Boudiaf\u00a0\u00bb de Djelfa, constitue actuellement une attraction majeure pour les habitants et passants au niveau de ces lieux, qui demeurent tous admiratifs devant l'\u00a0\u00bbexpressionnisme de cette fresque murale, dont les personnages semblent porter en eux une lueur d\u2019espoir, en d\u00e9pit des souffrances visibles sur leurs visage d\u00e9charn\u00e9s\u00a0\u00bb, ont affirm\u00e9 plusieurs passants \u00e0 l\u2019APS.<\/p>\n<p>\u00ab\u00a0L&rsquo;espoir de gu\u00e9rison est nettement palpable dans cette \u0153uvre\u00a0\u00bb ont ajout\u00e9 d\u2019autres citoyens, visiblement touch\u00e9s par la force des expressions \u00e9crites aux abords de la fresque, sous la forme de pri\u00e8res adress\u00e9es \u00e0 Dieu, pour qu\u2019il gu\u00e9risse les malades du cancer et qu\u2019il attenue leur souffrances.<\/p>\n<p>Les concepteurs de cette fresque, r\u00e9alis\u00e9e avec une contribution de la commune de Djelfa (qui a fournie une grue), et de bienfaiteurs, n\u2019ont pas omis de noter en \u00e9vidence l\u2019occasion de r\u00e9alisation de cette \u0153uvre, qui est la Journ\u00e9e mondiale de lutte contre le cancer, co\u00efncidant avec le 4 f\u00e9vrier de chaque ann\u00e9e.<\/p>\n<p>\u00ab\u00a0Cette fresque murale est inscrite au titre des nombreuses \u0153uvres artistiques r\u00e9alis\u00e9es par notre groupe, pour marquer sa contribution \u00e0 nombre d&rsquo;occasions festives et comm\u00e9moratives\u00a0\u00bb, a indiqu\u00e9, \u00e0 l\u2019APS, le responsable du groupe, Hanti Nacereddine.<\/p>\n<p>Il a cit\u00e9 notamment la derni\u00e8re \u0153uvre r\u00e9alis\u00e9e par son groupe, repr\u00e9sent\u00e9e par une fresque murale \u00e0 l\u2019effigie de feu g\u00e9n\u00e9ral major Ahmed Gaid Salah. Une \u0153uvre artistique de 10 m\u00e8tres de long et 7 m\u00e8tres de large, r\u00e9alis\u00e9e, en l\u2019espace de 24 heures, sur le mur d\u2019un b\u00e2timent mitoyen \u00e0 la RN1.<\/p>\n<\/div>\n<p>Auteur:<br \/>\n<a href=\"http:\/\/www.aps.dz\/culture\/101080-djelfa-une-fresque-murale-pour-exprimer-les-souffrances-des-cancereux\">Cliquez ici pour lire l&rsquo;article depuis sa source.<\/a><\/p>\n","protected":false},"excerpt":{"rendered":"<p>DJELFA &#8211; Les souffrances physiques et morales endur\u00e9es par las malades du cancer ont constitu\u00e9 l\u2019objet d\u2019une fresque murale r\u00e9alis\u00e9e par un groupe de jeunes de la wilaya de Djelfa. Dans une initiative unique du genre, ces jeunes connus sur la Toile, sous le nom \u00ab\u00a0Coin-art\u00a0\u00bb, ont voulu exprim\u00e9, selon leurs moyens, les souffrances endur\u00e9es [&hellip;]<\/p>\n","protected":false},"author":1790,"featured_media":0,"comment_status":"closed","ping_status":"closed","sticky":false,"template":"","format":"standard","meta":{"fifu_image_url":"","fifu_image_alt":"","footnotes":""},"categories":[53,79],"tags":[],"class_list":["post-75109","post","type-post","status-publish","format-standard","hentry","category-algerie","category-culture"],"_links":{"self":[{"href":"https:\/\/linitiative.ca\/International\/wp-json\/wp\/v2\/posts\/75109","targetHints":{"allow":["GET"]}}],"collection":[{"href":"https:\/\/linitiative.ca\/International\/wp-json\/wp\/v2\/posts"}],"about":[{"href":"https:\/\/linitiative.ca\/International\/wp-json\/wp\/v2\/types\/post"}],"author":[{"embeddable":true,"href":"https:\/\/linitiative.ca\/International\/wp-json\/wp\/v2\/users\/1790"}],"replies":[{"embeddable":true,"href":"https:\/\/linitiative.ca\/International\/wp-json\/wp\/v2\/comments?post=75109"}],"version-history":[{"count":0,"href":"https:\/\/linitiative.ca\/International\/wp-json\/wp\/v2\/posts\/75109\/revisions"}],"wp:attachment":[{"href":"https:\/\/linitiative.ca\/International\/wp-json\/wp\/v2\/media?parent=75109"}],"wp:term":[{"taxonomy":"category","embeddable":true,"href":"https:\/\/linitiative.ca\/International\/wp-json\/wp\/v2\/categories?post=75109"},{"taxonomy":"post_tag","embeddable":true,"href":"https:\/\/linitiative.ca\/International\/wp-json\/wp\/v2\/tags?post=75109"}],"curies":[{"name":"wp","href":"https:\/\/api.w.org\/{rel}","templated":true}]}}