{"id":75111,"date":"2020-02-04T13:04:55","date_gmt":"2020-02-04T18:04:55","guid":{"rendered":"https:\/\/linitiative.ca\/International\/batna-ouverture-du-festival-culturel-national-de-theatre-amazigh\/"},"modified":"2020-02-04T13:04:55","modified_gmt":"2020-02-04T18:04:55","slug":"batna-ouverture-du-festival-culturel-national-de-theatre-amazigh","status":"publish","type":"post","link":"https:\/\/linitiative.ca\/International\/batna-ouverture-du-festival-culturel-national-de-theatre-amazigh\/","title":{"rendered":"Batna: ouverture du Festival Culturel National de Th\u00e9\u00e2tre Amazigh"},"content":{"rendered":"<p><span class=\"sp-nh-title\">Messaitfa: identifier les principaux challenges pour une \u00e9conomie bas\u00e9e sur la num\u00e9risation<\/span> &#8211; <span class=\"sp-nh-date\">mardi 4 f\u00e9vrier 2020 18:45<\/span><\/p>\n<p><span class=\"sp-nh-title\">G\u00e9n\u00e9rale de Tilissa , une nouvelle pi\u00e8ce du TR B\u00e9ja\u00efa<\/span> &#8211; <span class=\"sp-nh-date\">mardi 4 f\u00e9vrier 2020 18:29<\/span><\/p>\n<p><span class=\"sp-nh-title\">Le Pr\u00e9sident Tebboune pr\u00e9sente ses condol\u00e9ances aux familles des victimes de l&rsquo;accident de la route survenu \u00e0 Souk Ahras<\/span> &#8211; <span class=\"sp-nh-date\">mardi 4 f\u00e9vrier 2020 18:12<\/span><\/p>\n<p><span class=\"sp-nh-title\">Tindouf: arriv\u00e9e d\u2019une 1\u00e8re cargaison de poissons frais de Mauritanie<\/span> &#8211; <span class=\"sp-nh-date\">mardi 4 f\u00e9vrier 2020 18:04<\/span><\/p>\n<p><span class=\"sp-nh-title\">Finances: installation des nouveaux DG des Imp\u00f4ts et du Budget<\/span> &#8211; <span class=\"sp-nh-date\">mardi 4 f\u00e9vrier 2020 17:53<\/span><\/p>\n<p><span class=\"sp-nh-title\">Alger-March\u00e9 des Trois horloges : lancement des travaux dans 2 semaines<\/span> &#8211; <span class=\"sp-nh-date\">mardi 4 f\u00e9vrier 2020 17:45<\/span><\/p>\n<p><span class=\"sp-nh-title\">Centre anti-cancer de Blida : bient\u00f4t des greffes de moelle osseuse sur donneur<\/span> &#8211; <span class=\"sp-nh-date\">mardi 4 f\u00e9vrier 2020 17:42<\/span><\/p>\n<p><span class=\"sp-nh-title\">Favoriser la recherche-action pour rendre l\u2019enseignement des langues \u00e9trang\u00e8res plus faciles<\/span> &#8211; <span class=\"sp-nh-date\">mardi 4 f\u00e9vrier 2020 17:25<\/span><\/p>\n<p><span class=\"sp-nh-title\">OPEP: r\u00e9union extraordinaire du Comit\u00e9 technique mardi et mercredi \u00e0 Vienne<\/span> &#8211; <span class=\"sp-nh-date\">mardi 4 f\u00e9vrier 2020 17:10<\/span><\/p>\n<p><span class=\"sp-nh-title\">Am\u00e9liorer la qualit\u00e9 de service et la couverture en mati\u00e8re de t\u00e9l\u00e9phonie et de prestation postale<\/span> &#8211; <span class=\"sp-nh-date\">mardi 4 f\u00e9vrier 2020 16:59<\/span><\/p>\n<p><span class=\"sp-nh-title\">Les Forces de la soci\u00e9t\u00e9 civile pour l&rsquo;Alg\u00e9rie souhaitent contribuer \u00e0 la r\u00e9vision constitutionnelle<\/span> &#8211; <span class=\"sp-nh-date\">mardi 4 f\u00e9vrier 2020 16:57<\/span><\/p>\n<p><span class=\"sp-nh-title\">Mise en place prochaine d&rsquo;un syst\u00e8me d&rsquo;information performant de ressources en eau<\/span> &#8211; <span class=\"sp-nh-date\">mardi 4 f\u00e9vrier 2020 16:42<\/span><\/p>\n<p><span class=\"sp-nh-title\">Chanegriha s&rsquo;enquiert \u00e0 In Guezzam du programme de pr\u00e9paration au combat pour 2019-2020<\/span> &#8211; <span class=\"sp-nh-date\">mardi 4 f\u00e9vrier 2020 16:26<\/span><\/p>\n<p><span class=\"sp-nh-title\">Recherche scientifique: des plantes pour d\u00e9polluer les zones humides situ\u00e9es \u00e0 Oran<\/span> &#8211; <span class=\"sp-nh-date\">mardi 4 f\u00e9vrier 2020 16:26<\/span><\/p>\n<p><span class=\"sp-nh-title\">Khenchela: mise en service du 1er abattoir industriel moderne pour volailles<\/span> &#8211; <span class=\"sp-nh-date\">mardi 4 f\u00e9vrier 2020 16:18<\/span><\/p>\n<p><span class=\"sp-nh-title\">Une nouvelle strat\u00e9gie pour l&rsquo;am\u00e9lioration de la prise en charge des canc\u00e9reux<\/span> &#8211; <span class=\"sp-nh-date\">mardi 4 f\u00e9vrier 2020 16:09<\/span><\/p>\n<p><span class=\"sp-nh-title\">Lutte\/Championnats d&rsquo;Afrique-2020: les cadets pour le coup d&rsquo;envoi<\/span> &#8211; <span class=\"sp-nh-date\">mardi 4 f\u00e9vrier 2020 15:23<\/span><\/p>\n<p><span class=\"sp-nh-title\">Six terroristes \u00e9limin\u00e9s et trois autres arr\u00eat\u00e9s en janvier<\/span> &#8211; <span class=\"sp-nh-date\">mardi 4 f\u00e9vrier 2020 15:01<\/span><\/p>\n<p><span class=\"sp-nh-title\">S\u00e9tif: cr\u00e9ation de neuf petites zones d\u2019activit\u00e9s en faveur des porteurs de projets<\/span> &#8211; <span class=\"sp-nh-date\">mardi 4 f\u00e9vrier 2020 15:00<\/span><\/p>\n<p><span class=\"sp-nh-title\">Lancement de la derni\u00e8re phase de d\u00e9ploiement de la 4G \u00e0 travers le pays<\/span> &#8211; <span class=\"sp-nh-date\">mardi 4 f\u00e9vrier 2020 14:36<\/span><\/p>\n<p>Auteur:<br \/>\n<a href=\"http:\/\/www.aps.dz\/culture\/101090-batna-ouverture-du-festival-culturel-national-de-theatre-amazigh\">Cliquez ici pour lire l&rsquo;article depuis sa source.<\/a><\/p>\n","protected":false},"excerpt":{"rendered":"<p>Messaitfa: identifier les principaux challenges pour une \u00e9conomie bas\u00e9e sur la num\u00e9risation &#8211; mardi 4 f\u00e9vrier 2020 18:45 G\u00e9n\u00e9rale de Tilissa , une nouvelle pi\u00e8ce du TR B\u00e9ja\u00efa &#8211; mardi 4 f\u00e9vrier 2020 18:29 Le Pr\u00e9sident Tebboune pr\u00e9sente ses condol\u00e9ances aux familles des victimes de l&rsquo;accident de la route survenu \u00e0 Souk Ahras &#8211; mardi [&hellip;]<\/p>\n","protected":false},"author":1790,"featured_media":0,"comment_status":"closed","ping_status":"closed","sticky":false,"template":"","format":"standard","meta":{"fifu_image_url":"","fifu_image_alt":"","footnotes":""},"categories":[53,79],"tags":[],"class_list":["post-75111","post","type-post","status-publish","format-standard","hentry","category-algerie","category-culture"],"_links":{"self":[{"href":"https:\/\/linitiative.ca\/International\/wp-json\/wp\/v2\/posts\/75111","targetHints":{"allow":["GET"]}}],"collection":[{"href":"https:\/\/linitiative.ca\/International\/wp-json\/wp\/v2\/posts"}],"about":[{"href":"https:\/\/linitiative.ca\/International\/wp-json\/wp\/v2\/types\/post"}],"author":[{"embeddable":true,"href":"https:\/\/linitiative.ca\/International\/wp-json\/wp\/v2\/users\/1790"}],"replies":[{"embeddable":true,"href":"https:\/\/linitiative.ca\/International\/wp-json\/wp\/v2\/comments?post=75111"}],"version-history":[{"count":0,"href":"https:\/\/linitiative.ca\/International\/wp-json\/wp\/v2\/posts\/75111\/revisions"}],"wp:attachment":[{"href":"https:\/\/linitiative.ca\/International\/wp-json\/wp\/v2\/media?parent=75111"}],"wp:term":[{"taxonomy":"category","embeddable":true,"href":"https:\/\/linitiative.ca\/International\/wp-json\/wp\/v2\/categories?post=75111"},{"taxonomy":"post_tag","embeddable":true,"href":"https:\/\/linitiative.ca\/International\/wp-json\/wp\/v2\/tags?post=75111"}],"curies":[{"name":"wp","href":"https:\/\/api.w.org\/{rel}","templated":true}]}}