{"id":75122,"date":"2020-02-04T12:26:02","date_gmt":"2020-02-04T17:26:02","guid":{"rendered":"https:\/\/linitiative.ca\/International\/relation-etroite-entre-le-respect-des-dh-et-le-developpement-durable\/"},"modified":"2020-02-04T12:26:02","modified_gmt":"2020-02-04T17:26:02","slug":"relation-etroite-entre-le-respect-des-dh-et-le-developpement-durable","status":"publish","type":"post","link":"https:\/\/linitiative.ca\/International\/relation-etroite-entre-le-respect-des-dh-et-le-developpement-durable\/","title":{"rendered":"Relation \u00e9troite entre le respect des DH et le d\u00e9veloppement durable"},"content":{"rendered":"<div readability=\"39\">\n<p>Marrakech \u2013 La durabilit\u00e9 des efforts de d\u00e9veloppement socio\u00e9conomique dans le monde arabe demeure tributaire du respect des droits et libert\u00e9s, ainsi que des principes de justice et d\u2019\u00e9quit\u00e9, a affirm\u00e9 mardi \u00e0 Marrakech, le pr\u00e9sident du R\u00e9seau arabe des institutions nationales des droits de l\u2019Homme (ANNHRI), Issam Younes.<\/p>\n<\/div>\n<div readability=\"113\">\n<p>S\u2019exprimant \u00e0 l\u2019ouverture d\u2019une rencontre r\u00e9gionale de haut niveau sur le th\u00e8me : \u00ab\u00a0Diffusion de la culture des droits de l\u2019Homme dans le cadre des objectifs de d\u00e9veloppement durable (ODD)\u00a0\u00bb, M. Issam Younes a mis l\u2019accent sur la relation \u00e9troite entre respect des droits de l\u2019Homme dans le monde arabe et la r\u00e9alisation du d\u00e9veloppement durable dans ses dimensions sociale et \u00e9conomique.<\/p>\n<p>Et de faire remarquer que le monde arabe fait face \u00e0 de grands d\u00e9fis en ce qui concerne l\u2019atteinte des ODD notamment, dans un contexte marqu\u00e9 par des conflits et des guerres civiles, et la prolif\u00e9ration de l\u2019extr\u00e9misme, notant que ces fl\u00e9aux portent atteinte \u00e0 la s\u00e9curit\u00e9 et \u00e0 la stabilit\u00e9 de ces pays et cr\u00e9ent un climat non favorable \u00e0 la r\u00e9alisation du d\u00e9veloppement et au renforcement des droits de l\u2019Homme.<\/p>\n<p>Ce contexte, a-t-il poursuivi, est aussi marqu\u00e9 par des violations des libert\u00e9s et des droits fondamentaux et le sapement des capacit\u00e9s des pays \u00e0 concevoir et mettre sur pied des plans de d\u00e9veloppement et \u00e0 mener les r\u00e9formes qui s\u2019imposent.<\/p>\n<p>Par ailleurs, M. Issam Younes a soulign\u00e9 que la rencontre de Marrakech devra d\u00e9boucher sur une feuille de route pour la diffusion de la culture des droits de l\u2019Homme dans le cadre des ODD, mettre en place une base de donn\u00e9es concernant les experts qui peuvent aider le R\u00e9seau arabe et les institutions membres \u00e0 construire et \u00e0 renforcer leurs capacit\u00e9s dans les domaines inh\u00e9rents aux ODD et \u00e0 la diffusion de la culture des droits humains.<\/p>\n<p>Le directeur ex\u00e9cutif du R\u00e9seau, Sultan Bin Hassan Al Jamali, a, pour sa part, soulign\u00e9 que cet atelier intervient suite \u00e0 une recommandation de l\u2019administration g\u00e9n\u00e9rale du r\u00e9seau lors de sa derni\u00e8re assembl\u00e9e g\u00e9n\u00e9rale tenue en Egypte, indiquant que la nouvelle strat\u00e9gie du r\u00e9seau ambitionne de mobiliser les moyens pour la diffusion de la culture des droits de l\u2019Homme dans les soci\u00e9t\u00e9s et l\u2019appui aux institutions membres.<\/p>\n<p>M.Al Jamali a fait savoir \u00e9galement que le R\u00e9seau arabe des institutions nationales des droits de l\u2019Homme a d\u00e9velopp\u00e9 sa coop\u00e9ration et son partenariat international, ce qui a contribu\u00e9 \u00e0 traiter la probl\u00e9matique du manque de ressources financi\u00e8res et humaines, et \u00e0 orienter une partie de l\u2019activit\u00e9 de ce r\u00e9seau au niveau national, afin que les programmes deviennent plus utiles et efficaces.<\/p>\n<p>Le programme du R\u00e9seau s\u2019\u00e9largira davantage pour englober les acteurs de la soci\u00e9t\u00e9 civile, les gouvernements et les parlements, a-t-il insist\u00e9.<\/p>\n<p>Organis\u00e9e \u00e0 l\u2019initiative du CNDH et du R\u00e9seau arabe des institutions nationales des droits de l\u2019Homme, cette rencontre r\u00e9gionale r\u00e9unit les repr\u00e9sentants des institutions nationales membres du r\u00e9seau arabe, ainsi que des repr\u00e9sentants du Haut-commissariat aux droits de l\u2019homme, du Programme des Nations Unies pour le D\u00e9veloppement (PNUD), de la Commission \u00e9conomique et sociale des Nations unies pour l\u2019Asie occidentale, de l\u2019Institut arabe des droits de l\u2019Homme, en plus d\u2019acteurs de la soci\u00e9t\u00e9 civile.<\/p>\n<p>Cet \u00e9v\u00e8nement de deux jours s\u2019inscrit dans le sillage des efforts visant le renforcement du r\u00f4le des institutions arabes des droits de l\u2019Homme au service des ODD, notamment en ce qui a trait \u00e0 la diffusion et \u00e0 la promotion de la culture des droits humains.<\/p>\n<p>Cette rencontre offre aussi l\u2019opportunit\u00e9 de partager des exp\u00e9riences et des bonnes pratiques et d\u2019\u00e9changer sur les moyens de relever les d\u00e9fis impos\u00e9s en la mati\u00e8re et d\u2019am\u00e9liorer les capacit\u00e9s des acteurs concern\u00e9s.<\/p>\n<p>L\u2019accent sera mis \u00e9galement sur les moyens d\u2019intensifier la coop\u00e9ration entre les institutions arabes et de consolider les relations du r\u00e9seau avec ses partenaires internationaux et r\u00e9gionaux et tous les acteurs concern\u00e9s, mais aussi sur l\u2019\u00e9laboration d\u2019une feuille de route en mati\u00e8re de diffusion et de promotion de la culture des droits de l\u2019Homme dans le contexte des ODD.<\/p>\n<p>\u00ab\u00a0Le cadre international des ODD et la diffusion de la culture des droits humains\u00a0\u00bb, \u00ab\u00a0le r\u00f4le des institutions nationales des droits de l\u2019homme: exp\u00e9riences, meilleures pratiques et enseignements \u00e0 tirer\u00a0\u00bb et \u00ab\u00a0les cadres de coop\u00e9ration des partenaires avec le R\u00e9seau arabe pour mettre en \u0153uvre les programmes des institutions membres\u00a0\u00bb sont parmi les sujets inscrits \u00e0 l\u2019ordre du jour de ce conclave.<\/p>\n<\/div>\n<p>Auteur: Meriem IGASS<br \/>\n<a href=\"http:\/\/www.mapmarrakech.ma\/fr\/droits-3\/\">Cliquez ici pour lire l&rsquo;article depuis sa source.<\/a><\/p>\n","protected":false},"excerpt":{"rendered":"<p>Marrakech \u2013 La durabilit\u00e9 des efforts de d\u00e9veloppement socio\u00e9conomique dans le monde arabe demeure tributaire du respect des droits et libert\u00e9s, ainsi que des principes de justice et d\u2019\u00e9quit\u00e9, a affirm\u00e9 mardi \u00e0 Marrakech, le pr\u00e9sident du R\u00e9seau arabe des institutions nationales des droits de l\u2019Homme (ANNHRI), Issam Younes. S\u2019exprimant \u00e0 l\u2019ouverture d\u2019une rencontre r\u00e9gionale [&hellip;]<\/p>\n","protected":false},"author":1788,"featured_media":0,"comment_status":"closed","ping_status":"closed","sticky":false,"template":"","format":"standard","meta":{"fifu_image_url":"","fifu_image_alt":"","footnotes":""},"categories":[54,76],"tags":[],"class_list":["post-75122","post","type-post","status-publish","format-standard","hentry","category-maroc","category-regions"],"_links":{"self":[{"href":"https:\/\/linitiative.ca\/International\/wp-json\/wp\/v2\/posts\/75122","targetHints":{"allow":["GET"]}}],"collection":[{"href":"https:\/\/linitiative.ca\/International\/wp-json\/wp\/v2\/posts"}],"about":[{"href":"https:\/\/linitiative.ca\/International\/wp-json\/wp\/v2\/types\/post"}],"author":[{"embeddable":true,"href":"https:\/\/linitiative.ca\/International\/wp-json\/wp\/v2\/users\/1788"}],"replies":[{"embeddable":true,"href":"https:\/\/linitiative.ca\/International\/wp-json\/wp\/v2\/comments?post=75122"}],"version-history":[{"count":0,"href":"https:\/\/linitiative.ca\/International\/wp-json\/wp\/v2\/posts\/75122\/revisions"}],"wp:attachment":[{"href":"https:\/\/linitiative.ca\/International\/wp-json\/wp\/v2\/media?parent=75122"}],"wp:term":[{"taxonomy":"category","embeddable":true,"href":"https:\/\/linitiative.ca\/International\/wp-json\/wp\/v2\/categories?post=75122"},{"taxonomy":"post_tag","embeddable":true,"href":"https:\/\/linitiative.ca\/International\/wp-json\/wp\/v2\/tags?post=75122"}],"curies":[{"name":"wp","href":"https:\/\/api.w.org\/{rel}","templated":true}]}}