{"id":75124,"date":"2020-02-04T11:45:37","date_gmt":"2020-02-04T16:45:37","guid":{"rendered":"https:\/\/linitiative.ca\/International\/alger-marche-des-trois-horloges-lancement-des-travaux-dans-2-semaines\/"},"modified":"2020-02-04T11:45:37","modified_gmt":"2020-02-04T16:45:37","slug":"alger-marche-des-trois-horloges-lancement-des-travaux-dans-2-semaines","status":"publish","type":"post","link":"https:\/\/linitiative.ca\/International\/alger-marche-des-trois-horloges-lancement-des-travaux-dans-2-semaines\/","title":{"rendered":"Alger-March\u00e9 des \u00ab\u00a0Trois horloges\u00a0\u00bb: lancement des travaux dans 2 semaines"},"content":{"rendered":"<div readability=\"37\">\n<p><strong>ALGER &#8211; Les travaux de r\u00e9alisation du nouveau march\u00e9 des \u00ab\u00a0Trois horloges\u00a0\u00bb dans la commune de Bab El Oued seront lanc\u00e9s, au plus tard, dans deux semaines, a affirm\u00e9 mardi le directeur de la R\u00e9gie fonci\u00e8re de la ville d&rsquo;Alger.<\/strong><\/p>\n<\/div>\n<div readability=\"81.1514633219\">\n<p>Dans un entretien accord\u00e9 \u00e0 l&rsquo;APS, Alim Nadhir a pr\u00e9cis\u00e9 que les travaux de r\u00e9alisation du march\u00e9 des \u00ab\u00a0Trois horloges\u00a0\u00bb de Bab El Oued \u00ab\u00a0seront lanc\u00e9s dans deux semaines et s&rsquo;\u00e9taleront sur 18 mois\u00a0\u00bb, juste apr\u00e8s le d\u00e9placement du transformateur \u00e9lectrique situ\u00e9 pr\u00e8s de l&rsquo;ancienne b\u00e2tisse du march\u00e9.<\/p>\n<blockquote readability=\"13\">\n<p><em><strong>Apr\u00e8s la pose de la premi\u00e8re pierre du projet, le 28 octobre 2019, les travaux ont \u00e9t\u00e9 suspendus, en raison du transformateur \u00e9lectrique jouxtant l&rsquo;ancien march\u00e9 qui emp\u00eachait l&rsquo;avancement du projet, a-t-il indiqu\u00e9, pr\u00e9cisant que ce transformateur alimente plusieurs quartiers de la commune de Bab El Oued.<\/strong><\/em><\/p>\n<\/blockquote>\n<p>A cet effet, les services de la Sonelgaz prennent en charge les travaux de r\u00e9alisation d&rsquo;un nouveau transformateur qui seront bient\u00f4t achev\u00e9s, a-t-il pr\u00e9cis\u00e9.<\/p>\n<hr\/>\n<h3>Lire aussi:\u00a0<a href=\"http:\/\/www.aps.dz\/regions\/87763-wilaya-d-alger-demolition-du-marche-des-trois-horloges-de-bab-el-oued\" target=\"_blank\" rel=\"noopener noreferrer\">Wilaya d&rsquo;Alger: d\u00e9molition du march\u00e9 des \u00ab\u00a0trois horloges\u00a0\u00bb de Bab El Oued<\/a><\/h3>\n<hr\/>\n<p>En ce qui concerne la s\u00e9curit\u00e9 des b\u00e2timents entourant le march\u00e9 (08 b\u00e2timents), M. Alim a pr\u00e9cis\u00e9 qu&rsquo;en application de l&rsquo;instruction minist\u00e9rielle qui insiste sur la garantie de la solidit\u00e9 des fondements des b\u00e2tisses, les services de l&rsquo;Agence fonci\u00e8re proc\u00e8deront, avec l&rsquo;entrepreneur charg\u00e9 de la r\u00e9alisation, \u00e0 l&rsquo;issue des travaux de nivellement du terrain, \u00e0 \u00ab\u00a0la mise en place des plaques de sout\u00e8nement pour la protection des b\u00e2timents\u00a0\u00bb.<\/p>\n<p>Le syst\u00e8me de sout\u00e8nement consiste \u00e0 verser diff\u00e9rentes couches de b\u00e9ton arm\u00e9, sur une profondeur de 15 m\u00e8tres, afin de former des pieux d&rsquo;un diam\u00e8tre de 60cm, pour la stabilisation de l&rsquo;art\u00e8re urbaine et des b\u00e2tisses jouxtant le nouveau march\u00e9, \u00ab\u00a0une proposition qui a \u00e9t\u00e9 approuv\u00e9e par les services du contr\u00f4le technique des constructions (CTC)\u00a0\u00bb, a-t-il dit.<\/p>\n<blockquote readability=\"14\">\n<p><em><strong>A cet effet, la wilaya d&rsquo;Alger avait consacr\u00e9 un montant de 60 milliards de centimes \u00e0 la reconstruction du march\u00e9 des \u00ab\u00a0Trois Horloges\u00a0\u00bb dans la commune de Bab El Oued, a rappel\u00e9 le directeur de la r\u00e9gie fonci\u00e8re, ajoutant que ce march\u00e9 avait \u00e9t\u00e9 d\u00e9moli en avril 2019, \u00e0 l&rsquo;issue des r\u00e9sultats du rapport d&rsquo;expertise r\u00e9alis\u00e9 par les services techniques au niveau de ce lieu tr\u00e8s fr\u00e9quent\u00e9, faisant \u00e9tat de fissures dans la structure de l&rsquo;\u00e9difice qui mena\u00e7ait ruine et qui a \u00e9t\u00e9 class\u00e9 rouge, car constituant un r\u00e9el danger pour la s\u00e9curit\u00e9 des citoyens.<\/strong><\/em><\/p>\n<\/blockquote>\n<p>Avant la d\u00e9molition de ce march\u00e9, l&rsquo;\u00e9difice avait \u00e9t\u00e9 ferm\u00e9 d\u00e9but septembre 2018, pour une certaine p\u00e9riode, suite \u00e0 une d\u00e9cision de la wilaya, a-t-il poursuivi, pr\u00e9cisant que ses 291 commer\u00e7ants avaient \u00e9t\u00e9 transf\u00e9r\u00e9s temporairement au march\u00e9 Said Touati, en attendant le parach\u00e8vement des travaux du nouveau march\u00e9.<\/p>\n<\/div>\n<p>Auteur:<br \/>\n<a href=\"http:\/\/www.aps.dz\/regions\/101127-alger-marche-des-trois-horloges-lancement-des-travaux-dans-2-semaines\">Cliquez ici pour lire l&rsquo;article depuis sa source.<\/a><\/p>\n","protected":false},"excerpt":{"rendered":"<p>ALGER &#8211; Les travaux de r\u00e9alisation du nouveau march\u00e9 des \u00ab\u00a0Trois horloges\u00a0\u00bb dans la commune de Bab El Oued seront lanc\u00e9s, au plus tard, dans deux semaines, a affirm\u00e9 mardi le directeur de la R\u00e9gie fonci\u00e8re de la ville d&rsquo;Alger. Dans un entretien accord\u00e9 \u00e0 l&rsquo;APS, Alim Nadhir a pr\u00e9cis\u00e9 que les travaux de r\u00e9alisation [&hellip;]<\/p>\n","protected":false},"author":1790,"featured_media":0,"comment_status":"closed","ping_status":"closed","sticky":false,"template":"","format":"standard","meta":{"fifu_image_url":"","fifu_image_alt":"","footnotes":""},"categories":[53,76],"tags":[],"class_list":["post-75124","post","type-post","status-publish","format-standard","hentry","category-algerie","category-regions"],"_links":{"self":[{"href":"https:\/\/linitiative.ca\/International\/wp-json\/wp\/v2\/posts\/75124","targetHints":{"allow":["GET"]}}],"collection":[{"href":"https:\/\/linitiative.ca\/International\/wp-json\/wp\/v2\/posts"}],"about":[{"href":"https:\/\/linitiative.ca\/International\/wp-json\/wp\/v2\/types\/post"}],"author":[{"embeddable":true,"href":"https:\/\/linitiative.ca\/International\/wp-json\/wp\/v2\/users\/1790"}],"replies":[{"embeddable":true,"href":"https:\/\/linitiative.ca\/International\/wp-json\/wp\/v2\/comments?post=75124"}],"version-history":[{"count":0,"href":"https:\/\/linitiative.ca\/International\/wp-json\/wp\/v2\/posts\/75124\/revisions"}],"wp:attachment":[{"href":"https:\/\/linitiative.ca\/International\/wp-json\/wp\/v2\/media?parent=75124"}],"wp:term":[{"taxonomy":"category","embeddable":true,"href":"https:\/\/linitiative.ca\/International\/wp-json\/wp\/v2\/categories?post=75124"},{"taxonomy":"post_tag","embeddable":true,"href":"https:\/\/linitiative.ca\/International\/wp-json\/wp\/v2\/tags?post=75124"}],"curies":[{"name":"wp","href":"https:\/\/api.w.org\/{rel}","templated":true}]}}