{"id":75128,"date":"2020-02-04T10:38:19","date_gmt":"2020-02-04T15:38:19","guid":{"rendered":"https:\/\/linitiative.ca\/International\/mise-au-point-de-la-prison-locale-concernant-le-detenu-m-h\/"},"modified":"2020-02-04T10:38:19","modified_gmt":"2020-02-04T15:38:19","slug":"mise-au-point-de-la-prison-locale-concernant-le-detenu-m-h","status":"publish","type":"post","link":"https:\/\/linitiative.ca\/International\/mise-au-point-de-la-prison-locale-concernant-le-detenu-m-h\/","title":{"rendered":"Mise au point de la prison locale concernant le d\u00e9tenu (M.H)"},"content":{"rendered":"<p class=\"c5\">Le d\u00e9tenu (M.H) b\u00e9n\u00e9ficie, \u00e0 l\u2019instar des autres d\u00e9tenus, de la prise en charge m\u00e9dicale et des soins n\u00e9cessaire, que ce soit au service de sant\u00e9 de l\u2019\u00e9tablissement p\u00e9nitentiaire ou dans les h\u00f4pitaux publics, a affirm\u00e9 mardi l\u2019administration de la prison locale de Guercif.<\/p>\n<p class=\"c5\">Dans une mise au point en r\u00e9action aux all\u00e9gations v\u00e9hicul\u00e9es sur les r\u00e9seaux sociaux et sur certains sites \u00e9lectroniques concernant les pr\u00e9tendues \u00ab\u00a0mauvaises conditions\u00a0\u00bb dans lesquelles vit le d\u00e9tenu (M.H), et qui \u00ab\u00a0n\u00e9cessitent une intervention m\u00e9dicale d\u2019urgence\u00a0\u00bb, et pr\u00e9tendant que \u00ab\u00a0l\u2019administration de la prison de Guercif ne r\u00e9agit pas \u00e0 la demande du d\u00e9tenu d\u2019un traitement\u00a0\u00bb, l\u2019administration de cet \u00e9tablissement p\u00e9nitentiaire pr\u00e9cise avoir pris \u00ab\u00a0le 23 janvier 2020, toutes les mesures n\u00e9cessaires pour son \u00e9vacuation m\u00e9dicale vers le centre hospitalier d\u2019Oujda, apr\u00e8s avoir fix\u00e9 un rendez-vous au d\u00e9partement d\u2019oto-rhino-laryngologie au profit du d\u00e9tenu, qui a aussi \u00e9t\u00e9 pr\u00e9sent\u00e9 au dentiste.<\/p>\n<p class=\"c5\">Cependant, ajoute la m\u00eame source, \u00ab\u00a0le d\u00e9tenu en question a refus\u00e9 de porter l\u2019uniforme de prisonnier conform\u00e9ment aux r\u00e8gles juridiques\u00a0\u00bb.<\/p>\n<p class=\"c5\">L\u2019administration de l\u2019\u00e9tablissement a, \u00e0 plusieurs reprise, \u00ab\u00a0exhort\u00e9 le d\u00e9tenu \u00e0 renoncer \u00e0 son attitude, mais celui-ci a insist\u00e9 pour partir \u00e0 l\u2019h\u00f4pital sans uniforme, ce qui est contraire aux lois en vigueur\u00a0\u00bb, d\u00e9taille la mise au point, notant que le condamn\u00e9 \u00ab\u00a0b\u00e9n\u00e9ficie de la prise en charge n\u00e9cessaire et des soins de sant\u00e9, \u00e0 l\u2019instar des autres d\u00e9tenus, que ce soit au service de sant\u00e9 de l\u2019\u00e9tablissement ou dans les h\u00f4pitaux publics, et a \u00e9t\u00e9 soumis \u00e0 un total de 56 examens m\u00e9dicaux au sein et \u00e0 l\u2019ext\u00e9rieur de l\u2019\u00e9tablissement\u00a0\u00bb.<\/p>\n<p class=\"c5\">Concernant les propos d\u2019une associations qui pr\u00e9tend d\u00e9fendre les d\u00e9tenus dans le cadre des \u00e9v\u00e9nements d\u2019Al Hoceima, et qui a avanc\u00e9 que les quatre d\u00e9tenus de la prison locale de Guercif entameront une gr\u00e8ve de la faim \u00e0 partir du 3 f\u00e9vrier 2020, la mise au point souligne qu\u2019il s\u2019agit \u00ab\u00a0d\u2019all\u00e9gations mensong\u00e8res, puisque les d\u00e9tenus en question re\u00e7oivent leurs repas de fa\u00e7on r\u00e9guli\u00e8re\u00a0\u00bb.<\/p>\n<p class=\"c5\">Et l\u2019administration de souligner que ces all\u00e9gations \u00ab\u00a0prouvent\u00a0\u00bb que ladite association et d\u2019autres parties visent \u00e0 \u00ab\u00a0inciter ces d\u00e9tenus \u00e0 commettre des actes de nature \u00e0 porter atteinte \u00e0 leur int\u00e9grit\u00e9 physique afin de les exploiter dans des agendas sans rapport avec leurs int\u00e9r\u00eats et les conditions de leur d\u00e9tention\u00a0\u00bb.<\/p>\n<p>Auteur: Soufiane ELAHMAR<br \/>\n<a href=\"http:\/\/www.mapoujda.ma\/fr\/mise-au-point-de-la-prison-locale-concernant-le-detenu-m-h\/\">Cliquez ici pour lire l&rsquo;article depuis sa source.<\/a><\/p>\n","protected":false},"excerpt":{"rendered":"<p>Le d\u00e9tenu (M.H) b\u00e9n\u00e9ficie, \u00e0 l\u2019instar des autres d\u00e9tenus, de la prise en charge m\u00e9dicale et des soins n\u00e9cessaire, que ce soit au service de sant\u00e9 de l\u2019\u00e9tablissement p\u00e9nitentiaire ou dans les h\u00f4pitaux publics, a affirm\u00e9 mardi l\u2019administration de la prison locale de Guercif. Dans une mise au point en r\u00e9action aux all\u00e9gations v\u00e9hicul\u00e9es sur [&hellip;]<\/p>\n","protected":false},"author":1788,"featured_media":0,"comment_status":"closed","ping_status":"closed","sticky":false,"template":"","format":"standard","meta":{"fifu_image_url":"","fifu_image_alt":"","footnotes":""},"categories":[54,76],"tags":[],"class_list":["post-75128","post","type-post","status-publish","format-standard","hentry","category-maroc","category-regions"],"_links":{"self":[{"href":"https:\/\/linitiative.ca\/International\/wp-json\/wp\/v2\/posts\/75128","targetHints":{"allow":["GET"]}}],"collection":[{"href":"https:\/\/linitiative.ca\/International\/wp-json\/wp\/v2\/posts"}],"about":[{"href":"https:\/\/linitiative.ca\/International\/wp-json\/wp\/v2\/types\/post"}],"author":[{"embeddable":true,"href":"https:\/\/linitiative.ca\/International\/wp-json\/wp\/v2\/users\/1788"}],"replies":[{"embeddable":true,"href":"https:\/\/linitiative.ca\/International\/wp-json\/wp\/v2\/comments?post=75128"}],"version-history":[{"count":0,"href":"https:\/\/linitiative.ca\/International\/wp-json\/wp\/v2\/posts\/75128\/revisions"}],"wp:attachment":[{"href":"https:\/\/linitiative.ca\/International\/wp-json\/wp\/v2\/media?parent=75128"}],"wp:term":[{"taxonomy":"category","embeddable":true,"href":"https:\/\/linitiative.ca\/International\/wp-json\/wp\/v2\/categories?post=75128"},{"taxonomy":"post_tag","embeddable":true,"href":"https:\/\/linitiative.ca\/International\/wp-json\/wp\/v2\/tags?post=75128"}],"curies":[{"name":"wp","href":"https:\/\/api.w.org\/{rel}","templated":true}]}}