{"id":75129,"date":"2020-02-04T15:10:17","date_gmt":"2020-02-04T20:10:17","guid":{"rendered":"https:\/\/linitiative.ca\/International\/ligue-1-2-mca-la-sonatrach-installe-bachta-aouf-et-bekhiri-au-conseil-dadministration\/"},"modified":"2020-02-04T15:10:17","modified_gmt":"2020-02-04T20:10:17","slug":"ligue-1-2-mca-la-sonatrach-installe-bachta-aouf-et-bekhiri-au-conseil-dadministration","status":"publish","type":"post","link":"https:\/\/linitiative.ca\/International\/ligue-1-2-mca-la-sonatrach-installe-bachta-aouf-et-bekhiri-au-conseil-dadministration\/","title":{"rendered":"Ligue 1 &amp; 2 : MCA : La Sonatrach installe Bachta, Aouf et Bekhiri au conseil d\u2019administration"},"content":{"rendered":"<div readability=\"32\">\n<p>Auteur : <span>Kamel M.<\/span> <span class=\"time\">mardi 04 f\u00e9vrier 2020 13:12<\/span><\/p>\n<\/div>\n<div id=\"post_core\" readability=\"75\">\n<p>Tenant compte des derniers rebondissements dans la maison du Doyen, et le souhait manifest\u00e9 par les supporters du Mouloudia de voir un changement radical dans le club, la Sonatrach avait pr\u00e9vue en d\u00e9but de semaine d\u2019importantes d\u00e9cisions afin que le club puisse retrouver sa stabilit\u00e9. Ainsi, les hauts responsables de la firme p\u00e9troli\u00e8re ont d\u00e9cid\u00e9 \u00e0 mettre fin aux fonctions des membres du CA et les remplacer par les enfants du club pour travailler en \u00e9troite collaboration avec le pr\u00e9sident Almas. Dimanche dernier, des tractations ont \u00e9t\u00e9 men\u00e9es avec Bachta, Aouf et Tahar Belkhiri, ainsi que Azef pour former le nouveau conseil d\u2019administration, mais ce dernier a d\u00e9clin\u00e9 l\u2019offre pour des raisons personnelles. Hier en fin d\u2019apr\u00e8s-midi, les trois hommes ont r\u00e9pondu \u00e0 l\u2019appel et ils se sont r\u00e9unis \u00e0 Dely Ibrahim en pr\u00e9sence d\u2019Almas en sa qualit\u00e9 de pr\u00e9sident du CA, ainsi que la responsable des affaires juridiques au sein de la Sonatrach. Cette r\u00e9union a abouti \u00e0 l\u2019installation du nouveau conseil d\u2019administration qui sera compos\u00e9 donc de Bachta, Aouf et Tahar Belkhir.<br \/><strong>La r\u00e9partition des t\u00e2ches faites entre les trois membres<\/strong><br \/>Une fois install\u00e9 dans leurs fonctions, une autre r\u00e9union s\u2019est tenu sous la pr\u00e9sidence d\u2019Almas qui a dress\u00e9 un tableau sur la situation qui pr\u00e9vaut actuellement dans le club, tout en proc\u00e9dant \u00e0 la r\u00e9partition des t\u00e2ches entre les trois membres. En sa qualit\u00e9 d\u2019ancien joueur et entraineur, Anouar Bachta, s\u2019est vue confier le volet technique, quant \u00e0 celui de la communication c\u2019est Tahar Belkhiri, sp\u00e9cialiste en la mati\u00e8re depuis plus d\u2019une trentaine d\u2019ann\u00e9es, qui sera charg\u00e9 de cette mission et qui sera aussi le porte-parole du club. Le neveu du fondateur du Mouloudia, en l\u2019occurrence Sid-Ali, qui est un cadre sup\u00e9rieur de la banque s\u2019est vu confier le volet de la gestion, lui qui \u00e9tait par le pass\u00e9 le tr\u00e9sorier du club \u00e0 l\u2019\u00e9poque de l\u2019association El Mouloudia.\u00a0 Ainsi, les nouveaux membres vont d\u00e9buter leur mission d\u00e8s aujourd\u2019hui et essayer de mettre un plan d\u2019actions pour sortir de la crise. \u00a0<br \/><strong>Bachta : \u00abJe ne pouvais pas refuser l\u2019appel du c\u0153ur\u00bb<\/strong><br \/>L\u2019ancienne gloire du Mouloudia, Bachta, \u00e9voque son int\u00e9gration dans la direction du club. \u00abLe pr\u00e9sident Almas a pris attache avec moi pour aider le Mouloudia. J\u2019ai accept\u00e9 cette mission sans la moindre h\u00e9sitation car je ne peux refuser l\u2019appel du c\u0153ur. Je vais me rendre \u00e0 l\u2019entra\u00eenement pour discuter avec les joueurs. Et je ferai tout mon possible pour aider le Mouloudia \u00e0 sortir de cette crise. Je remercie au passage la Sonatrach pour cette marque de confiance.\u00bb<br \/>\u00a0<\/p>\n<p><strong>Djabou reprendra aujourd\u2019hui le boulot<\/strong><\/p>\n<p>Absent hier \u00e0 la reprise des entra\u00eenements, Abdelmoumen Djabou a avis\u00e9 Mekhazni et la direction qu\u2019il comptait reprendre le boulot aujourd\u2019hui. Rappelons que Djabou avait d\u00fb d\u00e9clarer forfait pour le match contre l\u2019ASAM en raison d\u2019une blessure au genou qui avait n\u00e9cessit\u00e9 quatre jours de repos.<br \/><strong>Une reprise avec 21 \u00e9l\u00e9ments<\/strong><br \/>C\u2019est donc hier en fin d\u2019apr\u00e8s-midi que les joueurs du Mouloudia se sont remis au travail pour pr\u00e9parer le rendez-vous de dimanche prochain face au Raja. Mohamed Mekhazni a dirig\u00e9 les d\u00e9bats avec 21 \u00e9l\u00e9ments sous sa coupe.<br \/><strong>Ouartani en tenue de ville<\/strong><br \/>Forfait pour le match de Coupe arabe, Mehdi Ouartani \u00e9tait toutefois pr\u00e9sent hier \u00e0 l\u2019entra\u00eenement en tenue de ville. C\u2019\u00e9tait une mani\u00e8re pour Mehdi de se montrer solidaire avec ses partenaires dans ces moments difficiles.<br \/><strong>Allati incertain<\/strong><br \/>Walid Allati s\u2019est exerc\u00e9 hier en salle, traduisant son incertitude pour le match de Coupe arabe contre le Raja.<br \/><strong>Lamara, El Moudene et Merouani avec le groupe<\/strong><br \/>Les trois joueurs du MCA, Nabil Lamara, Abdellah El Moudene et Mhamed Merouani ont repris le travail avec le groupe, apr\u00e8s avoir suivi un programme sp\u00e9cifique.<br \/><strong>Mekhazni remonte le moral de ses troupes<\/strong><br \/>Mohamed Mekhazni est intervenu avant le coup d\u2019envoi de cette reprise pour remontrer le moral de ses joueurs. Constatant l\u2019abattement sur le visage de ses \u00e9l\u00e9ments, Mekhazni a d\u00fb prendre la parole pour retaper le moral d\u2019un groupe lamin\u00e9 apr\u00e8s cette succession d\u2019\u00e9chec.\u00a0 \u00a0<\/p>\n<p><strong>Publi\u00e9 dans :<\/strong> <span>mca<\/span> <span>Bachta<\/span> <span>Bekhiri<\/span><\/p>\n<\/div>\n<p>Auteur:<br \/>\n<a href=\"http:\/\/www.lebuteur.com\/article\/detail?titre=mca-la-sonatrach-installe-bachta-aouf-et-bekhiri-au-conseil-dadministration&#038;id=94599&#038;utm_source=feedburner&#038;utm_medium=feed&#038;utm_campaign=Feed%3A+GalerieFArtciles+%28Les+derniers+articles++-+lebuteur.com%29\">Cliquez ici pour lire l&rsquo;article depuis sa source.<\/a><\/p>\n","protected":false},"excerpt":{"rendered":"<p>Auteur : Kamel M. mardi 04 f\u00e9vrier 2020 13:12 Tenant compte des derniers rebondissements dans la maison du Doyen, et le souhait manifest\u00e9 par les supporters du Mouloudia de voir un changement radical dans le club, la Sonatrach avait pr\u00e9vue en d\u00e9but de semaine d\u2019importantes d\u00e9cisions afin que le club puisse retrouver sa stabilit\u00e9. Ainsi, [&hellip;]<\/p>\n","protected":false},"author":1738,"featured_media":75130,"comment_status":"closed","ping_status":"closed","sticky":false,"template":"","format":"standard","meta":{"fifu_image_url":"","fifu_image_alt":"","footnotes":""},"categories":[53,75],"tags":[],"class_list":["post-75129","post","type-post","status-publish","format-standard","has-post-thumbnail","hentry","category-algerie","category-sport"],"_links":{"self":[{"href":"https:\/\/linitiative.ca\/International\/wp-json\/wp\/v2\/posts\/75129","targetHints":{"allow":["GET"]}}],"collection":[{"href":"https:\/\/linitiative.ca\/International\/wp-json\/wp\/v2\/posts"}],"about":[{"href":"https:\/\/linitiative.ca\/International\/wp-json\/wp\/v2\/types\/post"}],"author":[{"embeddable":true,"href":"https:\/\/linitiative.ca\/International\/wp-json\/wp\/v2\/users\/1738"}],"replies":[{"embeddable":true,"href":"https:\/\/linitiative.ca\/International\/wp-json\/wp\/v2\/comments?post=75129"}],"version-history":[{"count":0,"href":"https:\/\/linitiative.ca\/International\/wp-json\/wp\/v2\/posts\/75129\/revisions"}],"wp:featuredmedia":[{"embeddable":true,"href":"https:\/\/linitiative.ca\/International\/wp-json\/"}],"wp:attachment":[{"href":"https:\/\/linitiative.ca\/International\/wp-json\/wp\/v2\/media?parent=75129"}],"wp:term":[{"taxonomy":"category","embeddable":true,"href":"https:\/\/linitiative.ca\/International\/wp-json\/wp\/v2\/categories?post=75129"},{"taxonomy":"post_tag","embeddable":true,"href":"https:\/\/linitiative.ca\/International\/wp-json\/wp\/v2\/tags?post=75129"}],"curies":[{"name":"wp","href":"https:\/\/api.w.org\/{rel}","templated":true}]}}