{"id":75131,"date":"2020-02-04T15:10:22","date_gmt":"2020-02-04T20:10:22","guid":{"rendered":"https:\/\/linitiative.ca\/International\/international-anderlecht-nasri-deja-sur-le-depart\/"},"modified":"2020-02-04T15:10:22","modified_gmt":"2020-02-04T20:10:22","slug":"international-anderlecht-nasri-deja-sur-le-depart","status":"publish","type":"post","link":"https:\/\/linitiative.ca\/International\/international-anderlecht-nasri-deja-sur-le-depart\/","title":{"rendered":"International : Anderlecht : Nasri d\u00e9j\u00e0 sur le d\u00e9part ?"},"content":{"rendered":"<div readability=\"32\">\n<p>Auteur : <span class=\"time\">mardi 04 f\u00e9vrier 2020 14:35<\/span><\/p>\n<\/div>\n<div id=\"post_core\" readability=\"47\">\n<p>En effet, l\u2019ancien joueur de l\u2019OM, Arsenal ou encore Manchester City n\u2019arrive pas \u00e0 convaincre \u00e0 Bruxelles et les dirigeants du club regrettent leur choix, comme l\u2019a expliqu\u00e9 le directeur sportif des Mauves, Michael Verschueren.<\/p>\n<p>\u00ab\u00c0 refaire, aurait-on sign\u00e9 Samir Nasri ? Avec ce que l\u2019on sait maintenant, non.\u00bb<\/p>\n<p>Depuis son arriv\u00e9e, Nasri n\u2019a disput\u00e9 que 9 matchs toutes comp\u00e9titions confondues pour 2 petits buts seulement. Nasri est surtout souvent bless\u00e9 et a d\u00e9j\u00e0 rat\u00e9 16 rencontres ! Source : Les-Transferts.<\/p>\n<p><strong>Publi\u00e9 dans :<\/strong> <span>nasri<\/span><\/p>\n<\/div>\n<p>Auteur:<br \/>\n<a href=\"http:\/\/www.lebuteur.com\/article\/detail?titre=anderlecht-nasri-deja-sur-le-depart&#038;id=94617&#038;utm_source=feedburner&#038;utm_medium=feed&#038;utm_campaign=Feed%3A+GalerieFArtciles+%28Les+derniers+articles++-+lebuteur.com%29\">Cliquez ici pour lire l&rsquo;article depuis sa source.<\/a><\/p>\n","protected":false},"excerpt":{"rendered":"<p>Auteur : mardi 04 f\u00e9vrier 2020 14:35 En effet, l\u2019ancien joueur de l\u2019OM, Arsenal ou encore Manchester City n\u2019arrive pas \u00e0 convaincre \u00e0 Bruxelles et les dirigeants du club regrettent leur choix, comme l\u2019a expliqu\u00e9 le directeur sportif des Mauves, Michael Verschueren. \u00ab\u00c0 refaire, aurait-on sign\u00e9 Samir Nasri ? Avec ce que l\u2019on sait maintenant, [&hellip;]<\/p>\n","protected":false},"author":1738,"featured_media":75132,"comment_status":"closed","ping_status":"closed","sticky":false,"template":"","format":"standard","meta":{"fifu_image_url":"","fifu_image_alt":"","footnotes":""},"categories":[53,75],"tags":[],"class_list":["post-75131","post","type-post","status-publish","format-standard","has-post-thumbnail","hentry","category-algerie","category-sport"],"_links":{"self":[{"href":"https:\/\/linitiative.ca\/International\/wp-json\/wp\/v2\/posts\/75131","targetHints":{"allow":["GET"]}}],"collection":[{"href":"https:\/\/linitiative.ca\/International\/wp-json\/wp\/v2\/posts"}],"about":[{"href":"https:\/\/linitiative.ca\/International\/wp-json\/wp\/v2\/types\/post"}],"author":[{"embeddable":true,"href":"https:\/\/linitiative.ca\/International\/wp-json\/wp\/v2\/users\/1738"}],"replies":[{"embeddable":true,"href":"https:\/\/linitiative.ca\/International\/wp-json\/wp\/v2\/comments?post=75131"}],"version-history":[{"count":0,"href":"https:\/\/linitiative.ca\/International\/wp-json\/wp\/v2\/posts\/75131\/revisions"}],"wp:featuredmedia":[{"embeddable":true,"href":"https:\/\/linitiative.ca\/International\/wp-json\/"}],"wp:attachment":[{"href":"https:\/\/linitiative.ca\/International\/wp-json\/wp\/v2\/media?parent=75131"}],"wp:term":[{"taxonomy":"category","embeddable":true,"href":"https:\/\/linitiative.ca\/International\/wp-json\/wp\/v2\/categories?post=75131"},{"taxonomy":"post_tag","embeddable":true,"href":"https:\/\/linitiative.ca\/International\/wp-json\/wp\/v2\/tags?post=75131"}],"curies":[{"name":"wp","href":"https:\/\/api.w.org\/{rel}","templated":true}]}}