{"id":75133,"date":"2020-02-04T15:10:25","date_gmt":"2020-02-04T20:10:25","guid":{"rendered":"https:\/\/linitiative.ca\/International\/international-fc-barcelone-ivan-rakitic-en-colere-contre-ses-dirigeants\/"},"modified":"2020-02-04T15:10:25","modified_gmt":"2020-02-04T20:10:25","slug":"international-fc-barcelone-ivan-rakitic-en-colere-contre-ses-dirigeants","status":"publish","type":"post","link":"https:\/\/linitiative.ca\/International\/international-fc-barcelone-ivan-rakitic-en-colere-contre-ses-dirigeants\/","title":{"rendered":"International : FC Barcelone : Ivan Rakitic en col\u00e8re contre ses dirigeants"},"content":{"rendered":"<div readability=\"32\">\n<p>Auteur : <span class=\"time\">mardi 04 f\u00e9vrier 2020 15:00<\/span><\/p>\n<\/div>\n<div id=\"post_core\" readability=\"44\">\n<p>C\u2019est le cas notamment d\u2019Ivan Rakitic. Alors qu\u2019il disposait d\u2019un bon de sortie au d\u00e9but du mois de janvier, ce dernier est finalement rest\u00e9.<\/p>\n<p>Selon la\u00a0Cadena Ser et Les-Transferts, l\u2019international croate a pourtant eu l\u2019occasion de faire ses valises puisque la Juventus Turin et Manchester United lui auraient fait des propositions. Mais lors de la derni\u00e8re semaine du mercato, les dirigeants Blaugranas ont chang\u00e9 d\u2019avis et ont d\u00e9cid\u00e9 de bloquer l\u2019ancien joueur de Seville. Aujourd\u2019hui, ce dernier serait tr\u00e8s en col\u00e8re envers ses dirigeants. Son d\u00e9part serait maintenant pr\u00e9vu pour l\u2019\u00e9t\u00e9 prochain.<\/p>\n<p><strong>Publi\u00e9 dans :<\/strong> <span>fc barcelone<\/span> <span>Ivan Rakitic<\/span><\/p>\n<\/div>\n<p>Auteur:<br \/>\n<a href=\"http:\/\/www.lebuteur.com\/article\/detail?titre=fc-barcelone-ivan-rakitic-en-colere-contre-ses-dirigeants&#038;id=94618&#038;utm_source=feedburner&#038;utm_medium=feed&#038;utm_campaign=Feed%3A+GalerieFArtciles+%28Les+derniers+articles++-+lebuteur.com%29\">Cliquez ici pour lire l&rsquo;article depuis sa source.<\/a><\/p>\n","protected":false},"excerpt":{"rendered":"<p>Auteur : mardi 04 f\u00e9vrier 2020 15:00 C\u2019est le cas notamment d\u2019Ivan Rakitic. Alors qu\u2019il disposait d\u2019un bon de sortie au d\u00e9but du mois de janvier, ce dernier est finalement rest\u00e9. Selon la\u00a0Cadena Ser et Les-Transferts, l\u2019international croate a pourtant eu l\u2019occasion de faire ses valises puisque la Juventus Turin et Manchester United lui auraient [&hellip;]<\/p>\n","protected":false},"author":1738,"featured_media":75134,"comment_status":"closed","ping_status":"closed","sticky":false,"template":"","format":"standard","meta":{"fifu_image_url":"","fifu_image_alt":"","footnotes":""},"categories":[53,75],"tags":[],"class_list":["post-75133","post","type-post","status-publish","format-standard","has-post-thumbnail","hentry","category-algerie","category-sport"],"_links":{"self":[{"href":"https:\/\/linitiative.ca\/International\/wp-json\/wp\/v2\/posts\/75133","targetHints":{"allow":["GET"]}}],"collection":[{"href":"https:\/\/linitiative.ca\/International\/wp-json\/wp\/v2\/posts"}],"about":[{"href":"https:\/\/linitiative.ca\/International\/wp-json\/wp\/v2\/types\/post"}],"author":[{"embeddable":true,"href":"https:\/\/linitiative.ca\/International\/wp-json\/wp\/v2\/users\/1738"}],"replies":[{"embeddable":true,"href":"https:\/\/linitiative.ca\/International\/wp-json\/wp\/v2\/comments?post=75133"}],"version-history":[{"count":0,"href":"https:\/\/linitiative.ca\/International\/wp-json\/wp\/v2\/posts\/75133\/revisions"}],"wp:featuredmedia":[{"embeddable":true,"href":"https:\/\/linitiative.ca\/International\/wp-json\/"}],"wp:attachment":[{"href":"https:\/\/linitiative.ca\/International\/wp-json\/wp\/v2\/media?parent=75133"}],"wp:term":[{"taxonomy":"category","embeddable":true,"href":"https:\/\/linitiative.ca\/International\/wp-json\/wp\/v2\/categories?post=75133"},{"taxonomy":"post_tag","embeddable":true,"href":"https:\/\/linitiative.ca\/International\/wp-json\/wp\/v2\/tags?post=75133"}],"curies":[{"name":"wp","href":"https:\/\/api.w.org\/{rel}","templated":true}]}}