{"id":75135,"date":"2020-02-04T15:10:29","date_gmt":"2020-02-04T20:10:29","guid":{"rendered":"https:\/\/linitiative.ca\/International\/international-gattuso-na-pas-retenu-ghoulam-dans-sa-liste-pour-la-ldc\/"},"modified":"2020-02-04T15:10:29","modified_gmt":"2020-02-04T20:10:29","slug":"international-gattuso-na-pas-retenu-ghoulam-dans-sa-liste-pour-la-ldc","status":"publish","type":"post","link":"https:\/\/linitiative.ca\/International\/international-gattuso-na-pas-retenu-ghoulam-dans-sa-liste-pour-la-ldc\/","title":{"rendered":"International : Gattuso n\u2019a pas retenu Ghoulam dans sa liste pour la LDC"},"content":{"rendered":"<div readability=\"32\">\n<p>Auteur : <span>Riad O.<\/span> <span class=\"time\">mardi 04 f\u00e9vrier 2020 18:41<\/span><\/p>\n<\/div>\n<div id=\"post_core\" readability=\"36\">\n<p>Gennaro Gattuso a divulgu\u00e9 aujourd&rsquo;hui la liste des joueurs sur lesquels il compte pour la phase \u00e0 \u00e9limination directe de la Ligue des champions. Et le d\u00e9fenseur Alg\u00e9rien, Faouzi Ghoulam n\u2019en fait pas partie. Ce choix de Gattuso confirme bel et bien que le technicien italien ne semble pas disposer \u00e0 miser sur Ghoulam lors de cette seconde partie de saison.<\/p>\n<p><strong>Publi\u00e9 dans :<\/strong> <span>ghoulam<\/span><\/p>\n<\/div>\n<p>Auteur:<br \/>\n<a href=\"http:\/\/www.lebuteur.com\/article\/detail?titre=gattuso-na-pas-retenu-ghoulam-dans-sa-liste-pour-la-ldc&#038;id=94619&#038;utm_source=feedburner&#038;utm_medium=feed&#038;utm_campaign=Feed%3A+GalerieFArtciles+%28Les+derniers+articles++-+lebuteur.com%29\">Cliquez ici pour lire l&rsquo;article depuis sa source.<\/a><\/p>\n","protected":false},"excerpt":{"rendered":"<p>Auteur : Riad O. mardi 04 f\u00e9vrier 2020 18:41 Gennaro Gattuso a divulgu\u00e9 aujourd&rsquo;hui la liste des joueurs sur lesquels il compte pour la phase \u00e0 \u00e9limination directe de la Ligue des champions. Et le d\u00e9fenseur Alg\u00e9rien, Faouzi Ghoulam n\u2019en fait pas partie. Ce choix de Gattuso confirme bel et bien que le technicien italien [&hellip;]<\/p>\n","protected":false},"author":1738,"featured_media":75136,"comment_status":"closed","ping_status":"closed","sticky":false,"template":"","format":"standard","meta":{"fifu_image_url":"","fifu_image_alt":"","footnotes":""},"categories":[53,75],"tags":[],"class_list":["post-75135","post","type-post","status-publish","format-standard","has-post-thumbnail","hentry","category-algerie","category-sport"],"_links":{"self":[{"href":"https:\/\/linitiative.ca\/International\/wp-json\/wp\/v2\/posts\/75135","targetHints":{"allow":["GET"]}}],"collection":[{"href":"https:\/\/linitiative.ca\/International\/wp-json\/wp\/v2\/posts"}],"about":[{"href":"https:\/\/linitiative.ca\/International\/wp-json\/wp\/v2\/types\/post"}],"author":[{"embeddable":true,"href":"https:\/\/linitiative.ca\/International\/wp-json\/wp\/v2\/users\/1738"}],"replies":[{"embeddable":true,"href":"https:\/\/linitiative.ca\/International\/wp-json\/wp\/v2\/comments?post=75135"}],"version-history":[{"count":0,"href":"https:\/\/linitiative.ca\/International\/wp-json\/wp\/v2\/posts\/75135\/revisions"}],"wp:featuredmedia":[{"embeddable":true,"href":"https:\/\/linitiative.ca\/International\/wp-json\/"}],"wp:attachment":[{"href":"https:\/\/linitiative.ca\/International\/wp-json\/wp\/v2\/media?parent=75135"}],"wp:term":[{"taxonomy":"category","embeddable":true,"href":"https:\/\/linitiative.ca\/International\/wp-json\/wp\/v2\/categories?post=75135"},{"taxonomy":"post_tag","embeddable":true,"href":"https:\/\/linitiative.ca\/International\/wp-json\/wp\/v2\/tags?post=75135"}],"curies":[{"name":"wp","href":"https:\/\/api.w.org\/{rel}","templated":true}]}}