{"id":75137,"date":"2020-02-04T15:10:32","date_gmt":"2020-02-04T20:10:32","guid":{"rendered":"https:\/\/linitiative.ca\/International\/pros-saint-etienne-boudebouz-fait-son-retour-contre-marseille\/"},"modified":"2020-02-04T15:10:32","modified_gmt":"2020-02-04T20:10:32","slug":"pros-saint-etienne-boudebouz-fait-son-retour-contre-marseille","status":"publish","type":"post","link":"https:\/\/linitiative.ca\/International\/pros-saint-etienne-boudebouz-fait-son-retour-contre-marseille\/","title":{"rendered":"Pros : Saint-Etienne : Boudebouz fait son retour contre Marseille"},"content":{"rendered":"<div readability=\"32\">\n<p>Auteur : <span class=\"time\">mardi 04 f\u00e9vrier 2020 20:41<\/span><\/p>\n<\/div>\n<div id=\"post_core\" readability=\"41\">\n<p>Battus par Metz (1-3) lors de la journ\u00e9e pr\u00e9c\u00e9dente, les Verts vont tenter de se relancer d\u00e8s mercredi soir \u00e0 Marseille. Pour cette rencontre, Claude Puel, l&rsquo;entra\u00eeneur de Saint-\u00c9tienne, a retenu une groupe de 20 joueurs comme l&rsquo;indique L&rsquo;Equipe. Absent contre les Messins, Ryad Boudebouz est de retour, en revanche Youssouf Zaydou n&rsquo;est pas convoqu\u00e9.<\/p>\n<p><strong>Publi\u00e9 dans :<\/strong> <span>boudebouz<\/span><\/p>\n<\/div>\n<p>Auteur:<br \/>\n<a href=\"http:\/\/www.lebuteur.com\/article\/detail?titre=saint-etienne-boudebouz-fait-son-retour-contre-marseille&#038;id=94620&#038;utm_source=feedburner&#038;utm_medium=feed&#038;utm_campaign=Feed%3A+GalerieFArtciles+%28Les+derniers+articles++-+lebuteur.com%29\">Cliquez ici pour lire l&rsquo;article depuis sa source.<\/a><\/p>\n","protected":false},"excerpt":{"rendered":"<p>Auteur : mardi 04 f\u00e9vrier 2020 20:41 Battus par Metz (1-3) lors de la journ\u00e9e pr\u00e9c\u00e9dente, les Verts vont tenter de se relancer d\u00e8s mercredi soir \u00e0 Marseille. Pour cette rencontre, Claude Puel, l&rsquo;entra\u00eeneur de Saint-\u00c9tienne, a retenu une groupe de 20 joueurs comme l&rsquo;indique L&rsquo;Equipe. Absent contre les Messins, Ryad Boudebouz est de retour, [&hellip;]<\/p>\n","protected":false},"author":1738,"featured_media":75138,"comment_status":"closed","ping_status":"closed","sticky":false,"template":"","format":"standard","meta":{"fifu_image_url":"","fifu_image_alt":"","footnotes":""},"categories":[53,75],"tags":[],"class_list":["post-75137","post","type-post","status-publish","format-standard","has-post-thumbnail","hentry","category-algerie","category-sport"],"_links":{"self":[{"href":"https:\/\/linitiative.ca\/International\/wp-json\/wp\/v2\/posts\/75137","targetHints":{"allow":["GET"]}}],"collection":[{"href":"https:\/\/linitiative.ca\/International\/wp-json\/wp\/v2\/posts"}],"about":[{"href":"https:\/\/linitiative.ca\/International\/wp-json\/wp\/v2\/types\/post"}],"author":[{"embeddable":true,"href":"https:\/\/linitiative.ca\/International\/wp-json\/wp\/v2\/users\/1738"}],"replies":[{"embeddable":true,"href":"https:\/\/linitiative.ca\/International\/wp-json\/wp\/v2\/comments?post=75137"}],"version-history":[{"count":0,"href":"https:\/\/linitiative.ca\/International\/wp-json\/wp\/v2\/posts\/75137\/revisions"}],"wp:featuredmedia":[{"embeddable":true,"href":"https:\/\/linitiative.ca\/International\/wp-json\/"}],"wp:attachment":[{"href":"https:\/\/linitiative.ca\/International\/wp-json\/wp\/v2\/media?parent=75137"}],"wp:term":[{"taxonomy":"category","embeddable":true,"href":"https:\/\/linitiative.ca\/International\/wp-json\/wp\/v2\/categories?post=75137"},{"taxonomy":"post_tag","embeddable":true,"href":"https:\/\/linitiative.ca\/International\/wp-json\/wp\/v2\/tags?post=75137"}],"curies":[{"name":"wp","href":"https:\/\/api.w.org\/{rel}","templated":true}]}}