{"id":75149,"date":"2020-02-04T12:08:00","date_gmt":"2020-02-04T17:08:00","guid":{"rendered":"https:\/\/linitiative.ca\/International\/presse-electronique-tebboune-ordonne-la-regularisation-de-la-situation\/"},"modified":"2020-02-04T12:08:00","modified_gmt":"2020-02-04T17:08:00","slug":"presse-electronique-tebboune-ordonne-la-regularisation-de-la-situation","status":"publish","type":"post","link":"https:\/\/linitiative.ca\/International\/presse-electronique-tebboune-ordonne-la-regularisation-de-la-situation\/","title":{"rendered":"PRESSE ELECTRONIQUE : Tebboune ordonne la r\u00e9gularisation de la situation"},"content":{"rendered":"<p><br id=\"sep_para_1\" class=\"sep_para access\"\/><\/p>\n<div id=\"para_1\" class=\"para_35392437 resize\">\n<div class=\"photo shadow left\"><a href=\"javascript:void(0)\" rel=\"https:\/\/www.reflexiondz.net\/photo\/art\/grande\/42460067-35392437.jpg?v=1580843916&#038;ibox\" title=\"PRESSE ELECTRONIQUE : Tebboune ordonne la r\u00e9gularisation de la situation\"><img decoding=\"async\" class=\"responsive c9\" src=\"https:\/\/www.reflexiondz.net\/photo\/art\/grande\/42460067-35392437.jpg?v=1580843916\" alt=\"PRESSE ELECTRONIQUE : Tebboune ordonne la r\u00e9gularisation de la situation\" title=\"PRESSE ELECTRONIQUE : Tebboune ordonne la r\u00e9gularisation de la situation\"\/><img decoding=\"async\" class=\"not-responsive\" src=\"https:\/\/www.reflexiondz.net\/photo\/art\/default\/42460067-35392437.jpg?v=1580843917\" alt=\"PRESSE ELECTRONIQUE : Tebboune ordonne la r\u00e9gularisation de la situation\" title=\"PRESSE ELECTRONIQUE : Tebboune ordonne la r\u00e9gularisation de la situation\"\/><\/a><\/div>\n<div class=\"texte access firstletter\">Le pr\u00e9sident de la R\u00e9publique Abdelmadjid Tebboune, a donn\u00e9 des instructions au premier ministre, Abdelaziz Djerrad, afin de r\u00e9gulariser les sites \u00e9lectroniques h\u00e9berg\u00e9s en Alg\u00e9rie. Le pr\u00e9sident de la R\u00e9publique Abdelmadjid Tebboune, a donn\u00e9 ce mardi 04 f\u00e9vrier 2020, de nouvelles instructions concernant la presse \u00e9lectronique, afin de r\u00e9gulariser les sites \u00e9lectroniques h\u00e9berg\u00e9s en Alg\u00e9rie. Les journaux \u00e9lectroniques, comme tous les autres journaux \u00e9crits, b\u00e9n\u00e9ficieront de la publicit\u00e9 publique dans les limites autoris\u00e9es par la loi. Et cela permettra aux journaux \u00e9lectroniques d\u2019assister et de couvrir tous les \u00e9v\u00e9nements officiels sans aucune marginalisation ou exclusion. Cette d\u00e9cision vise \u00e0 r\u00e9glementer le statut juridique de cette cat\u00e9gorie de m\u00e9dias utilisant un public \u00e9lectronique pour acc\u00e9der au contenu.<\/div>\n<\/div>\n<p>Auteur: Nadine<br \/>\n<a href=\"https:\/\/www.reflexiondz.net\/PRESSE-ELECTRONIQUE-Tebboune-ordonne-la-regularisation-de-la-situation_a60441.html\">Cliquez ici pour lire l&rsquo;article depuis sa source.<\/a><\/p>\n","protected":false},"excerpt":{"rendered":"<p>Le pr\u00e9sident de la R\u00e9publique Abdelmadjid Tebboune, a donn\u00e9 des instructions au premier ministre, Abdelaziz Djerrad, afin de r\u00e9gulariser les sites \u00e9lectroniques h\u00e9berg\u00e9s en Alg\u00e9rie. Le pr\u00e9sident de la R\u00e9publique Abdelmadjid Tebboune, a donn\u00e9 ce mardi 04 f\u00e9vrier 2020, de nouvelles instructions concernant la presse \u00e9lectronique, afin de r\u00e9gulariser les sites \u00e9lectroniques h\u00e9berg\u00e9s en Alg\u00e9rie. [&hellip;]<\/p>\n","protected":false},"author":1740,"featured_media":0,"comment_status":"closed","ping_status":"closed","sticky":false,"template":"","format":"standard","meta":{"fifu_image_url":"","fifu_image_alt":"","footnotes":""},"categories":[53,76],"tags":[],"class_list":["post-75149","post","type-post","status-publish","format-standard","hentry","category-algerie","category-regions"],"_links":{"self":[{"href":"https:\/\/linitiative.ca\/International\/wp-json\/wp\/v2\/posts\/75149","targetHints":{"allow":["GET"]}}],"collection":[{"href":"https:\/\/linitiative.ca\/International\/wp-json\/wp\/v2\/posts"}],"about":[{"href":"https:\/\/linitiative.ca\/International\/wp-json\/wp\/v2\/types\/post"}],"author":[{"embeddable":true,"href":"https:\/\/linitiative.ca\/International\/wp-json\/wp\/v2\/users\/1740"}],"replies":[{"embeddable":true,"href":"https:\/\/linitiative.ca\/International\/wp-json\/wp\/v2\/comments?post=75149"}],"version-history":[{"count":0,"href":"https:\/\/linitiative.ca\/International\/wp-json\/wp\/v2\/posts\/75149\/revisions"}],"wp:attachment":[{"href":"https:\/\/linitiative.ca\/International\/wp-json\/wp\/v2\/media?parent=75149"}],"wp:term":[{"taxonomy":"category","embeddable":true,"href":"https:\/\/linitiative.ca\/International\/wp-json\/wp\/v2\/categories?post=75149"},{"taxonomy":"post_tag","embeddable":true,"href":"https:\/\/linitiative.ca\/International\/wp-json\/wp\/v2\/tags?post=75149"}],"curies":[{"name":"wp","href":"https:\/\/api.w.org\/{rel}","templated":true}]}}