{"id":75151,"date":"2020-02-04T12:45:00","date_gmt":"2020-02-04T17:45:00","guid":{"rendered":"https:\/\/linitiative.ca\/International\/les-cadres-du-ministere-de-la-culture-prives-de-facebook\/"},"modified":"2020-02-04T12:45:00","modified_gmt":"2020-02-04T17:45:00","slug":"les-cadres-du-ministere-de-la-culture-prives-de-facebook","status":"publish","type":"post","link":"https:\/\/linitiative.ca\/International\/les-cadres-du-ministere-de-la-culture-prives-de-facebook\/","title":{"rendered":"Les cadres du minist\u00e8re de la culture priv\u00e9s de facebook"},"content":{"rendered":"<p><br id=\"sep_para_1\" class=\"sep_para access\"\/><\/p>\n<div id=\"para_1\" class=\"para_35393116 resize\">\n<div class=\"texte access firstletter\">La ministre de la culture, Malika Bendouda, a adress\u00e9 une note de service aux cadres du minist\u00e8re de la culture, les appelant \u00e0 ne pas exprimer, sur les r\u00e9seaux sociaux, leurs opinions personnelles, contraires aux positions officielles de l\u2019Etat. Cette mesure s\u2019inscrit, selon la ministre, dans le cadre de \u00ab devoir de r\u00e9serve \u00bb, et elle concerne les questions nationales et internationales. En outre, Bendouda s\u2019est engag\u00e9e \u00e0 suivre personnellement l\u2019activit\u00e9 des cadres de son minist\u00e8re sur les r\u00e9seaux sociaux et d\u00e9clare qu\u2019elle va \u00ab suivre personnellement les d\u00e9clarations et les commentaires de tout un chacun \u00bb, en s\u2019adressant aux cadres de la culture. \u00abJe vais suivre personnellement les d\u00e9clarations et les commentaires de tout un chacun\u00bb, \u00e9crit en effet Malika Bendouda.<\/div>\n<\/div>\n<p>Auteur: R\u00e9flexion<br \/>\n<a href=\"https:\/\/www.reflexiondz.net\/Les-cadres-du-ministere-de-la-culture-prives-de-facebook_a60446.html\">Cliquez ici pour lire l&rsquo;article depuis sa source.<\/a><\/p>\n","protected":false},"excerpt":{"rendered":"<p>La ministre de la culture, Malika Bendouda, a adress\u00e9 une note de service aux cadres du minist\u00e8re de la culture, les appelant \u00e0 ne pas exprimer, sur les r\u00e9seaux sociaux, leurs opinions personnelles, contraires aux positions officielles de l\u2019Etat. Cette mesure s\u2019inscrit, selon la ministre, dans le cadre de \u00ab devoir de r\u00e9serve \u00bb, et [&hellip;]<\/p>\n","protected":false},"author":1740,"featured_media":0,"comment_status":"closed","ping_status":"closed","sticky":false,"template":"","format":"standard","meta":{"fifu_image_url":"","fifu_image_alt":"","footnotes":""},"categories":[53,76],"tags":[],"class_list":["post-75151","post","type-post","status-publish","format-standard","hentry","category-algerie","category-regions"],"_links":{"self":[{"href":"https:\/\/linitiative.ca\/International\/wp-json\/wp\/v2\/posts\/75151","targetHints":{"allow":["GET"]}}],"collection":[{"href":"https:\/\/linitiative.ca\/International\/wp-json\/wp\/v2\/posts"}],"about":[{"href":"https:\/\/linitiative.ca\/International\/wp-json\/wp\/v2\/types\/post"}],"author":[{"embeddable":true,"href":"https:\/\/linitiative.ca\/International\/wp-json\/wp\/v2\/users\/1740"}],"replies":[{"embeddable":true,"href":"https:\/\/linitiative.ca\/International\/wp-json\/wp\/v2\/comments?post=75151"}],"version-history":[{"count":0,"href":"https:\/\/linitiative.ca\/International\/wp-json\/wp\/v2\/posts\/75151\/revisions"}],"wp:attachment":[{"href":"https:\/\/linitiative.ca\/International\/wp-json\/wp\/v2\/media?parent=75151"}],"wp:term":[{"taxonomy":"category","embeddable":true,"href":"https:\/\/linitiative.ca\/International\/wp-json\/wp\/v2\/categories?post=75151"},{"taxonomy":"post_tag","embeddable":true,"href":"https:\/\/linitiative.ca\/International\/wp-json\/wp\/v2\/tags?post=75151"}],"curies":[{"name":"wp","href":"https:\/\/api.w.org\/{rel}","templated":true}]}}