{"id":75152,"date":"2020-02-04T12:45:00","date_gmt":"2020-02-04T17:45:00","guid":{"rendered":"https:\/\/linitiative.ca\/International\/lancien-chauffeur-du-general-toufik-libere\/"},"modified":"2020-02-04T12:45:00","modified_gmt":"2020-02-04T17:45:00","slug":"lancien-chauffeur-du-general-toufik-libere","status":"publish","type":"post","link":"https:\/\/linitiative.ca\/International\/lancien-chauffeur-du-general-toufik-libere\/","title":{"rendered":"L\u2019ancien chauffeur du g\u00e9n\u00e9ral  Toufik lib\u00e9r\u00e9"},"content":{"rendered":"<p><br id=\"sep_para_1\" class=\"sep_para access\"\/><\/p>\n<div id=\"para_1\" class=\"para_35393112 resize\">\n<div class=\"texte access firstletter\">L\u2019ancien chauffeur du g\u00e9n\u00e9ral Mohamed Mediene dit Toufik, ainsi que Tarik Amirat, ancien coordinateur g\u00e9n\u00e9ral des services secrets alg\u00e9riens aupr\u00e8s de l\u2019ambassade d\u2019Alg\u00e9rie en France,\u00a0 ont \u00e9t\u00e9 lib\u00e9r\u00e9s la semaine derni\u00e8re, a rapport\u00e9 le quotidien Le Soir d\u2019Alg\u00e9rie. Tarik Amirat a \u00e9t\u00e9 accus\u00e9 de ne pas avoir r\u00e9v\u00e9l\u00e9 l\u2019existence des entretiens qui ont eu lieu entre une d\u00e9l\u00e9gation fran\u00e7aise de la direction g\u00e9n\u00e9rale de la s\u00e9curit\u00e9 ext\u00e9rieure (DGSE) et les responsables des services secrets alg\u00e9riens, dans l\u2019affaire \u00ab complot et atteinte \u00e0 la hi\u00e9rarchie militaire \u00bb d\u2019avril dernier, impliquant le g\u00e9n\u00e9ral Tartag et Toufik. Tarik Amirat\u00a0 a \u00e9t\u00e9 jug\u00e9 par le tribunal militaire de Blida, et condamn\u00e9 \u00e0 une ann\u00e9e de prison. Son affaire a \u00e9t\u00e9 rejug\u00e9e, la semaine derni\u00e8re, par le m\u00eame tribunal qui a d\u00e9cid\u00e9 de le condamner \u00e0 huit mois de prison ferme, et quatre mois avec sursis. L\u2019ancien chauffeur du g\u00e9n\u00e9ral Toufik a \u00e9t\u00e9 aussi lib\u00e9r\u00e9, selon la m\u00eame source. Il est \u00e0 noter que l\u2019arrestation de ce chauffeur est intervenue peu de temps apr\u00e8s l\u2019arrestation du g\u00e9n\u00e9ral Toufik.<\/div>\n<\/div>\n<p>Auteur: R\u00e9flexion<br \/>\n<a href=\"https:\/\/www.reflexiondz.net\/L-ancien-chauffeur-du-general-Toufik-libere_a60445.html\">Cliquez ici pour lire l&rsquo;article depuis sa source.<\/a><\/p>\n","protected":false},"excerpt":{"rendered":"<p>L\u2019ancien chauffeur du g\u00e9n\u00e9ral Mohamed Mediene dit Toufik, ainsi que Tarik Amirat, ancien coordinateur g\u00e9n\u00e9ral des services secrets alg\u00e9riens aupr\u00e8s de l\u2019ambassade d\u2019Alg\u00e9rie en France,\u00a0 ont \u00e9t\u00e9 lib\u00e9r\u00e9s la semaine derni\u00e8re, a rapport\u00e9 le quotidien Le Soir d\u2019Alg\u00e9rie. Tarik Amirat a \u00e9t\u00e9 accus\u00e9 de ne pas avoir r\u00e9v\u00e9l\u00e9 l\u2019existence des entretiens qui ont eu lieu [&hellip;]<\/p>\n","protected":false},"author":1740,"featured_media":0,"comment_status":"closed","ping_status":"closed","sticky":false,"template":"","format":"standard","meta":{"fifu_image_url":"","fifu_image_alt":"","footnotes":""},"categories":[53,76],"tags":[],"class_list":["post-75152","post","type-post","status-publish","format-standard","hentry","category-algerie","category-regions"],"_links":{"self":[{"href":"https:\/\/linitiative.ca\/International\/wp-json\/wp\/v2\/posts\/75152","targetHints":{"allow":["GET"]}}],"collection":[{"href":"https:\/\/linitiative.ca\/International\/wp-json\/wp\/v2\/posts"}],"about":[{"href":"https:\/\/linitiative.ca\/International\/wp-json\/wp\/v2\/types\/post"}],"author":[{"embeddable":true,"href":"https:\/\/linitiative.ca\/International\/wp-json\/wp\/v2\/users\/1740"}],"replies":[{"embeddable":true,"href":"https:\/\/linitiative.ca\/International\/wp-json\/wp\/v2\/comments?post=75152"}],"version-history":[{"count":0,"href":"https:\/\/linitiative.ca\/International\/wp-json\/wp\/v2\/posts\/75152\/revisions"}],"wp:attachment":[{"href":"https:\/\/linitiative.ca\/International\/wp-json\/wp\/v2\/media?parent=75152"}],"wp:term":[{"taxonomy":"category","embeddable":true,"href":"https:\/\/linitiative.ca\/International\/wp-json\/wp\/v2\/categories?post=75152"},{"taxonomy":"post_tag","embeddable":true,"href":"https:\/\/linitiative.ca\/International\/wp-json\/wp\/v2\/tags?post=75152"}],"curies":[{"name":"wp","href":"https:\/\/api.w.org\/{rel}","templated":true}]}}