{"id":75155,"date":"2020-02-04T13:51:27","date_gmt":"2020-02-04T18:51:27","guid":{"rendered":"https:\/\/linitiative.ca\/International\/grace-presidentielle-pour-3-471-prisonniers\/"},"modified":"2020-02-04T13:51:27","modified_gmt":"2020-02-04T18:51:27","slug":"grace-presidentielle-pour-3-471-prisonniers","status":"publish","type":"post","link":"https:\/\/linitiative.ca\/International\/grace-presidentielle-pour-3-471-prisonniers\/","title":{"rendered":"Grace pr\u00e9sidentielle pour 3 471 prisonniers"},"content":{"rendered":"<p><span class=\"c2\">S.O. B.<\/span><\/p>\n<div readability=\"47\">\n<p>Le pr\u00e9sident de la R\u00e9publique, Abdelmadjid Tebboune, a d\u00e9cr\u00e9t\u00e9 ce mardi une gr\u00e2ce pr\u00e9sidentielle en faveur de plus de 3400 prisonneirs. C\u2019est ce qu\u2019 a indiqu\u00e9 un communiqu\u00e9 de la pr\u00e9sidence de la R\u00e9publique.<br \/>Cette mesure touche pr\u00e9cisement 3 471 prisonniers incarc\u00e9r\u00e9s dans les diff\u00e9rentes ge\u00f4les du pays.<br \/>Les prisonniers concern\u00e9s sont ceux ayant \u00e9t\u00e9 condamn\u00e9s de mani\u00e8re d\u00e9finitive \u00e0 une peine \u00e9gale ou inf\u00e9rieure \u00e0 6 mois.\u00a0<br \/>Ce premier groupe sera suivi par un deuxi\u00e8me qui englobera des d\u00e9tenus condamn\u00e9s d\u00e9finitivement, et dont il ne reste de leur peine que douze mois ou moins \u00e0 purger\u00a0\u00bb, a conclu le communiqu\u00e9.<br \/>Habituellement d\u00e9cr\u00e9t\u00e9e \u00e0 l\u2019occasion du 5 juillet, la gr\u00e2ce pr\u00e9sidentielle est cette fois-ci accord\u00e9e en f\u00e9vrier, un mois marquant le d\u00e9but du mouvement populaire contre le syst\u00e8me politique.<br \/>Cette gr\u00e2ce, la premi\u00e8re depuis l\u2019\u00e9lection du Pr\u00e9sident Abdelmadjid Tebboune le 12 d\u00e9cembre 2019, \u00e9tait attendue et parfois r\u00e9clam\u00e9e par de pans entiers de la soci\u00e9t\u00e9 civile, notamment les parents des d\u00e9tenus du hirak. Toutefois elle semble toucher les d\u00e9tenus des droits communs n\u2019ayant pas commis des crimes \u00e9conomiques.\u00a0<br \/>N\u00e9anmoins, elle a suscit\u00e9 de larges d\u00e9bats sur les r\u00e9seaux sociaux au sujet des \u00e9ventuels b\u00e9n\u00e9ficiaires notamment les d\u00e9tenus ayant \u00e9t\u00e9 poursuivis dans les affaires de corruption.\u00a0<br \/>Selon des sources judiciaires, un d\u00e9cret pr\u00e9sidentiel, devrait \u00eatre promulgu\u00e9 pour clarifier les proc\u00e9dures d\u2019ex\u00e9cution de cette gr\u00e2ce. Les m\u00eames sources indiquent que la gr\u00e2ce touchera \u00e9galement d\u2019autres d\u00e9tenus notamment les non r\u00e9cidivistes qui ont d\u00e9j\u00e0 \u00e9cop\u00e9 la moiti\u00e9 de leur peine.<br \/>Ceux-l\u00e0 b\u00e9n\u00e9ficieront d\u2019une r\u00e9duction de peine de huit mois. Seront \u00e9galement graci\u00e9s les d\u00e9tenus non r\u00e9cidivistes dont la peine restante est de plus de six mois. Ceux-l\u00e0 b\u00e9n\u00e9ficieront d\u2019une r\u00e9duction de peine sur plusieurs p\u00e9riodes.<\/p>\n<\/div>\n<p>Auteur: Boudjedri<br \/>\n<a href=\"http:\/\/www.jeune-independant.net\/Grace-presidentielle-pour-3-471.html\">Cliquez ici pour lire l&rsquo;article depuis sa source.<\/a><\/p>\n","protected":false},"excerpt":{"rendered":"<p>S.O. B. Le pr\u00e9sident de la R\u00e9publique, Abdelmadjid Tebboune, a d\u00e9cr\u00e9t\u00e9 ce mardi une gr\u00e2ce pr\u00e9sidentielle en faveur de plus de 3400 prisonneirs. C\u2019est ce qu\u2019 a indiqu\u00e9 un communiqu\u00e9 de la pr\u00e9sidence de la R\u00e9publique.Cette mesure touche pr\u00e9cisement 3 471 prisonniers incarc\u00e9r\u00e9s dans les diff\u00e9rentes ge\u00f4les du pays.Les prisonniers concern\u00e9s sont ceux ayant \u00e9t\u00e9 [&hellip;]<\/p>\n","protected":false},"author":1737,"featured_media":0,"comment_status":"closed","ping_status":"closed","sticky":false,"template":"","format":"standard","meta":{"fifu_image_url":"","fifu_image_alt":"","footnotes":""},"categories":[73,53],"tags":[],"class_list":["post-75155","post","type-post","status-publish","format-standard","hentry","category-actualite","category-algerie"],"_links":{"self":[{"href":"https:\/\/linitiative.ca\/International\/wp-json\/wp\/v2\/posts\/75155","targetHints":{"allow":["GET"]}}],"collection":[{"href":"https:\/\/linitiative.ca\/International\/wp-json\/wp\/v2\/posts"}],"about":[{"href":"https:\/\/linitiative.ca\/International\/wp-json\/wp\/v2\/types\/post"}],"author":[{"embeddable":true,"href":"https:\/\/linitiative.ca\/International\/wp-json\/wp\/v2\/users\/1737"}],"replies":[{"embeddable":true,"href":"https:\/\/linitiative.ca\/International\/wp-json\/wp\/v2\/comments?post=75155"}],"version-history":[{"count":0,"href":"https:\/\/linitiative.ca\/International\/wp-json\/wp\/v2\/posts\/75155\/revisions"}],"wp:attachment":[{"href":"https:\/\/linitiative.ca\/International\/wp-json\/wp\/v2\/media?parent=75155"}],"wp:term":[{"taxonomy":"category","embeddable":true,"href":"https:\/\/linitiative.ca\/International\/wp-json\/wp\/v2\/categories?post=75155"},{"taxonomy":"post_tag","embeddable":true,"href":"https:\/\/linitiative.ca\/International\/wp-json\/wp\/v2\/tags?post=75155"}],"curies":[{"name":"wp","href":"https:\/\/api.w.org\/{rel}","templated":true}]}}