{"id":75157,"date":"2020-02-04T10:00:00","date_gmt":"2020-02-04T15:00:00","guid":{"rendered":"https:\/\/linitiative.ca\/International\/hedi-behi-quand-les-footballeurs-montrent-la-voie\/"},"modified":"2020-02-04T10:00:00","modified_gmt":"2020-02-04T15:00:00","slug":"hedi-behi-quand-les-footballeurs-montrent-la-voie","status":"publish","type":"post","link":"https:\/\/linitiative.ca\/International\/hedi-behi-quand-les-footballeurs-montrent-la-voie\/","title":{"rendered":"H\u00e9di B\u00e9hi: Quand les footballeurs montrent la voie"},"content":{"rendered":"<p><img decoding=\"async\" src=\"\/uploads\/FCK_files\/Hedi-Behi(38).jpg\" alt=\"\" width=\"30%\" vspace=\"5\" hspace=\"5\" align=\"right\"\/>Le monde du football nord-africain est en train de vivre une v\u00e9ritable r\u00e9volution, similaire \u00e0 celle que le football europ\u00e9en avait connue en 1995 avec le fameux arr\u00eat Bosman qui avait permis aux joueurs communautaires d\u2019\u00e9voluer dans les clubs europ\u00e9ens sans tenir compte des quotas impos\u00e9s aux joueurs \u00e9trangers. Un quart de si\u00e8cle plus tard, c\u2019est au tour des footballeurs nord-africains de b\u00e9n\u00e9ficier\u00a0 des m\u00eames avantages gr\u00e2ce aux mesures prises dans ce sens par l\u2019Unaf (l\u2019Union nord-africaine de football). Plus r\u00e9actifs que leurs homologues marocains, alg\u00e9riens, libyens ou \u00e9gyptiens, les dirigeants sportifs tunisiens ont \u00e9t\u00e9 les premiers \u00e0 les appliquer. <em>\u00abLa Tunisie est devenue le nouvel eldorado des footballeurs alg\u00e9riens\u00bb<\/em>, constate avec amertume le quotidien alg\u00e9rois L\u2019expression. De fait, en un laps de temps tr\u00e8s court, les grands clubs tunisiens, notamment l\u2019Esp\u00e9rance sportive de Tunis, l\u2019Etoile sportive du Sahel et&#8230; l\u2019Union sportive de Tataouine, ont \u00e9cr\u00e9m\u00e9 les clubs alg\u00e9riens et libyens, les privant de leurs meilleurs \u00e9l\u00e9ments. On parle d\u00e9j\u00e0 d\u2019une bonne vingtaine de footballeurs alg\u00e9riens et d\u2019une dizaine de joueurs libyens qui ont \u00e9t\u00e9 recrut\u00e9s lors du mercato d\u2019hiver. A titre d\u2019exemple, l\u2019\u00e9quipe s\u00e9nior du club de Bab Souika pourra \u00e9voluer avec pas moins de 6 joueurs alg\u00e9riens et 3 ou 4 joueurs libyens.<\/p>\n<p>En prenant cette d\u00e9cision, l\u2019Unaf vient peut-\u00eatre de donner un coup d\u2019acc\u00e9l\u00e9rateur au football tunisien en r\u00e9ussissant l\u00e0 o\u00f9 les politiciens avaient lamentablement \u00e9chou\u00e9 pendant des d\u00e9cennies. En m\u00eame temps, elle a ouvert une br\u00e8che dans un souverainisme surann\u00e9 qui avait emp\u00each\u00e9 les pays maghr\u00e9bins depuis une cinquantaine d\u2019ann\u00e9es de r\u00e9ussir leur int\u00e9gration \u00e9conomique \u00e0 l\u2019instar des autres ensembles \u00e9conomiques r\u00e9gionaux. Il est des termes ou des concepts qui, \u00e0 force d\u2019\u00eatre pris en mauvaise part, ont fini par prendre une connotation p\u00e9jorative. c&rsquo;est le cas de La libre circulation des personnes et des biens \u00e0 travers les fronti\u00e8res dans quelque secteur que ce soit n\u2019a jamais \u00e9t\u00e9 une atteinte \u00e0 la souverainet\u00e9 d\u2019un pays. Bien au contraire, c\u2019est la preuve d\u2019une confiance en soi et le r\u00e9v\u00e9lateur d\u2019une volont\u00e9 de s\u2019ouvrir sur l\u2019autre, surtout dans un monde globalis\u00e9. En tout cas, l\u2019Unaf a eu le m\u00e9rite de s\u2019attaquer \u00e0 un sujet tabou. C\u2019est un pas dans la bonne direction qui pourrait inspirer les politiques d\u2019autant plus que les hommes d\u2019affaires r\u00e9clament depuis longtemps une mesure similaire sans \u00eatre entendus.<\/p>\n<p>Il y a quelques ann\u00e9es, Moncef Marzouki, alors pr\u00e9sident de la R\u00e9publique, avait d\u00e9cid\u00e9 unilat\u00e9ralement d\u2019ouvrir les fronti\u00e8res aux Alg\u00e9riens. Nos voisins devaient b\u00e9n\u00e9ficier de la libert\u00e9 de se d\u00e9placer, \u00e9tudier, travailler et r\u00e9sider en Tunisie. Mal lui en a\u00a0 pris. Il s\u2019est fait rabrouer par les Alg\u00e9riens comme s\u2019il avait commis l\u2019irr\u00e9parable.<\/p>\n<p>En visite en Tunisie, il y a quelques ann\u00e9es, l\u2019ancien Premier ministre marocain Abderrahmane El Youssefi a racont\u00e9 comment un groupe d\u2019\u00e9tudiants maghr\u00e9bins s\u2019\u00e9tait rendu \u00e0 Alger au lendemain de l\u2019ind\u00e9pendance de l\u2019Alg\u00e9rie pour demander \u00e0 Ferhat Abbas, alors\u00a0 pr\u00e9sident provisoire de la R\u00e9publique, d\u2019\u0153uvrer pour l\u2019acc\u00e9l\u00e9ration du processus d\u2019unification du Maghreb et la suppression des fronti\u00e8res. Sa r\u00e9ponse a \u00e9t\u00e9 claire : \u00abLaissez-nous le temps de savourer notre ind\u00e9pendance, notre hymne national, notre drapeau. On verra plus tard\u00bb. Deux exemples qui montrent bien \u00e0 quel point on est r\u00e9tif \u00e0 tout ce qui peut ressembler de pr\u00e8s ou de loin \u00e0 l\u2019abandon d\u2019une parcelle de notre souverainet\u00e9.<\/p>\n<p>Soixante ans apr\u00e8s les ind\u00e9pendances, les politiques maghr\u00e9bins, s\u2019accrochant \u00e0 leurs vieilles lunes, en sont encore \u00e0 savourer leurs drapeaux et leurs ind\u00e9pendances comme si c\u2019\u00e9tait la fin des fins, au point de ne pas s\u2019\u00eatre aper\u00e7us que le monde avait chang\u00e9 et que par leur pass\u00e9isme, ils repr\u00e9sentent aujourd\u2019hui un obstacle infranchissable \u00e0 toute vell\u00e9it\u00e9 d\u2019action commune et d\u2019ouverture sur le monde.<\/p>\n<p class=\"c2\"><strong>H\u00e9di B\u00e9hi<\/strong><\/p>\n<p class=\"c3\"><strong><a href=\"https:\/\/www.leaders.com.tn\/le_mensuel_abonnez_vous\" target=\"_blank\" rel=\"noopener noreferrer\"><img loading=\"lazy\" decoding=\"async\" src=\"\/uploads\/FCK_files\/Bandeau-Leaders-1-copie(25).jpg\" alt=\"\" width=\"500\" vspace=\"5\" hspace=\"5\" height=\"128\" align=\"middle\"\/><\/a><\/strong><\/p>\n<p>Auteur:<br \/>\n<a href=\"https:\/\/www.leaders.com.tn\/article\/29043-hedi-behi-quand-les-footballeurs-montrent-la-voie\">Cliquez ici pour lire l&rsquo;article depuis sa source.<\/a><\/p>\n","protected":false},"excerpt":{"rendered":"<p>Le monde du football nord-africain est en train de vivre une v\u00e9ritable r\u00e9volution, similaire \u00e0 celle que le football europ\u00e9en avait connue en 1995 avec le fameux arr\u00eat Bosman qui avait permis aux joueurs communautaires d\u2019\u00e9voluer dans les clubs europ\u00e9ens sans tenir compte des quotas impos\u00e9s aux joueurs \u00e9trangers. Un quart de si\u00e8cle plus tard, [&hellip;]<\/p>\n","protected":false},"author":1772,"featured_media":75158,"comment_status":"closed","ping_status":"closed","sticky":false,"template":"","format":"standard","meta":{"fifu_image_url":"","fifu_image_alt":"","footnotes":""},"categories":[73,55],"tags":[],"class_list":["post-75157","post","type-post","status-publish","format-standard","has-post-thumbnail","hentry","category-actualite","category-tunisie"],"_links":{"self":[{"href":"https:\/\/linitiative.ca\/International\/wp-json\/wp\/v2\/posts\/75157","targetHints":{"allow":["GET"]}}],"collection":[{"href":"https:\/\/linitiative.ca\/International\/wp-json\/wp\/v2\/posts"}],"about":[{"href":"https:\/\/linitiative.ca\/International\/wp-json\/wp\/v2\/types\/post"}],"author":[{"embeddable":true,"href":"https:\/\/linitiative.ca\/International\/wp-json\/wp\/v2\/users\/1772"}],"replies":[{"embeddable":true,"href":"https:\/\/linitiative.ca\/International\/wp-json\/wp\/v2\/comments?post=75157"}],"version-history":[{"count":0,"href":"https:\/\/linitiative.ca\/International\/wp-json\/wp\/v2\/posts\/75157\/revisions"}],"wp:featuredmedia":[{"embeddable":true,"href":"https:\/\/linitiative.ca\/International\/wp-json\/"}],"wp:attachment":[{"href":"https:\/\/linitiative.ca\/International\/wp-json\/wp\/v2\/media?parent=75157"}],"wp:term":[{"taxonomy":"category","embeddable":true,"href":"https:\/\/linitiative.ca\/International\/wp-json\/wp\/v2\/categories?post=75157"},{"taxonomy":"post_tag","embeddable":true,"href":"https:\/\/linitiative.ca\/International\/wp-json\/wp\/v2\/tags?post=75157"}],"curies":[{"name":"wp","href":"https:\/\/api.w.org\/{rel}","templated":true}]}}