{"id":75160,"date":"2020-02-04T10:12:00","date_gmt":"2020-02-04T15:12:00","guid":{"rendered":"https:\/\/linitiative.ca\/International\/officiel-abderraouf-bettbaieb-quitte-le-palais-de-carthage\/"},"modified":"2020-02-04T10:12:00","modified_gmt":"2020-02-04T15:12:00","slug":"officiel-abderraouf-bettbaieb-quitte-le-palais-de-carthage","status":"publish","type":"post","link":"https:\/\/linitiative.ca\/International\/officiel-abderraouf-bettbaieb-quitte-le-palais-de-carthage\/","title":{"rendered":"Officiel &#8211; Abderraouf Bettbaieb quitte le palais de Carthage"},"content":{"rendered":"<p>Quatre mois apr\u00e8s avoir offici\u00e9 en ministre conseiller aupr\u00e8s du pr\u00e9sident de la R\u00e9publique, l\u2019ancien ambassadeur Abderraouf Bettbaieb a remis sa d\u00e9mission. Qualifi\u00e9 d\u2019\u00a0\u00bb\u00e9minence grise\u00a0\u00bb et d\u2019\u00a0\u00bbomni-pr\u00e9sent influent\u00a0\u00bb, il est entr\u00e9 rapidement en disgr\u00e2ce et a fini par se d\u00e9cider \u00e0 partir.<\/p>\n<p>Auteur:<br \/>\n<a href=\"https:\/\/www.leaders.com.tn\/article\/29054-officiel-aberraouf-bettaieb-quitte-le-palais-de-carthage\">Cliquez ici pour lire l&rsquo;article depuis sa source.<\/a><\/p>\n","protected":false},"excerpt":{"rendered":"<p>Quatre mois apr\u00e8s avoir offici\u00e9 en ministre conseiller aupr\u00e8s du pr\u00e9sident de la R\u00e9publique, l\u2019ancien ambassadeur Abderraouf Bettbaieb a remis sa d\u00e9mission. Qualifi\u00e9 d\u2019\u00a0\u00bb\u00e9minence grise\u00a0\u00bb et d\u2019\u00a0\u00bbomni-pr\u00e9sent influent\u00a0\u00bb, il est entr\u00e9 rapidement en disgr\u00e2ce et a fini par se d\u00e9cider \u00e0 partir. Auteur: Cliquez ici pour lire l&rsquo;article depuis sa source.<\/p>\n","protected":false},"author":1772,"featured_media":0,"comment_status":"closed","ping_status":"closed","sticky":false,"template":"","format":"standard","meta":{"fifu_image_url":"","fifu_image_alt":"","footnotes":""},"categories":[73,55],"tags":[],"class_list":["post-75160","post","type-post","status-publish","format-standard","hentry","category-actualite","category-tunisie"],"_links":{"self":[{"href":"https:\/\/linitiative.ca\/International\/wp-json\/wp\/v2\/posts\/75160","targetHints":{"allow":["GET"]}}],"collection":[{"href":"https:\/\/linitiative.ca\/International\/wp-json\/wp\/v2\/posts"}],"about":[{"href":"https:\/\/linitiative.ca\/International\/wp-json\/wp\/v2\/types\/post"}],"author":[{"embeddable":true,"href":"https:\/\/linitiative.ca\/International\/wp-json\/wp\/v2\/users\/1772"}],"replies":[{"embeddable":true,"href":"https:\/\/linitiative.ca\/International\/wp-json\/wp\/v2\/comments?post=75160"}],"version-history":[{"count":0,"href":"https:\/\/linitiative.ca\/International\/wp-json\/wp\/v2\/posts\/75160\/revisions"}],"wp:attachment":[{"href":"https:\/\/linitiative.ca\/International\/wp-json\/wp\/v2\/media?parent=75160"}],"wp:term":[{"taxonomy":"category","embeddable":true,"href":"https:\/\/linitiative.ca\/International\/wp-json\/wp\/v2\/categories?post=75160"},{"taxonomy":"post_tag","embeddable":true,"href":"https:\/\/linitiative.ca\/International\/wp-json\/wp\/v2\/tags?post=75160"}],"curies":[{"name":"wp","href":"https:\/\/api.w.org\/{rel}","templated":true}]}}