{"id":75166,"date":"2020-02-04T11:28:52","date_gmt":"2020-02-04T16:28:52","guid":{"rendered":"https:\/\/linitiative.ca\/International\/ahmed-reda-chami-preconise-la-mise-en-place-dune-gouvernance-territoriale\/"},"modified":"2020-02-04T11:28:52","modified_gmt":"2020-02-04T16:28:52","slug":"ahmed-reda-chami-preconise-la-mise-en-place-dune-gouvernance-territoriale","status":"publish","type":"post","link":"https:\/\/linitiative.ca\/International\/ahmed-reda-chami-preconise-la-mise-en-place-dune-gouvernance-territoriale\/","title":{"rendered":"Ahmed Reda Chami pr\u00e9conise la mise en place d\u2019une gouvernance territoriale"},"content":{"rendered":"<p><strong>Le pr\u00e9sident du Conseil \u00e9conomique, social et environnemental (CESE), Ahmed Reda Chami, a pr\u00e9conis\u00e9, mardi \u00e0 Rabat, la mise en place d\u2019une gouvernance territoriale capable d\u2019orienter l\u2019action publique dans une perspective durable, impliquant des strat\u00e9gies anticipatrices et convergentes \u00e0 plusieurs \u00e9chelles temporelle et spatiale.<\/strong><\/p>\n<div class=\"c10\"\/>\n<p>Chami, qui intervenait \u00e0 l\u2019ouverture d\u2019une table ronde sous la th\u00e9matique \u00ab\u00a0D\u00e9veloppement r\u00e9gional et in\u00e9galit\u00e9s territoriales\u00a0\u00bb, coorganis\u00e9e par le CESE et la Banque mondiale, a relev\u00e9 que cette rencontre sera l\u2019occasion de dresser une pr\u00e9sentation crois\u00e9e entre les rapports de la Banque mondiale qui \u00e9tudient entre autres les disparit\u00e9s r\u00e9gionales et les enjeux de l\u2019urbanisation et ceux du CESE qui examinent la question de la r\u00e9gionalisation et gouvernance territoriale.<\/p>\n<p>L\u2019objectif de cette rencontre, a-t-il poursuivi, est de mettre la lumi\u00e8re sur les exp\u00e9riences r\u00e9ussies \u00e0 travers le monde et de d\u00e9gager des recommandations concr\u00e8tes susceptibles de faire converger les r\u00e9gions autour d\u2019une logique de d\u00e9veloppement int\u00e9gr\u00e9 et harmonieux.<\/p>\n<div class=\"c17\">\n<fieldset class=\"c16\">\n<legend><strong><span class=\"c11\">Challenge<\/span><span class=\"c12\">news<\/span><\/strong><\/legend>\n<div class=\"c15\">Le meilleur de Challenge s\u00e9lectionn\u00e9 par la r\u00e9daction :<\/p>\n<\/div>\n<\/fieldset>\n<\/div>\n<p>Auteur: challenge<br \/>\n<a href=\"https:\/\/www.challenge.ma\/ahmed-reda-chami-preconise-la-mise-en-place-dune-gouvernance-territoriale-129472\/\">Cliquez ici pour lire l&rsquo;article depuis sa source.<\/a><\/p>\n","protected":false},"excerpt":{"rendered":"<p>Le pr\u00e9sident du Conseil \u00e9conomique, social et environnemental (CESE), Ahmed Reda Chami, a pr\u00e9conis\u00e9, mardi \u00e0 Rabat, la mise en place d\u2019une gouvernance territoriale capable d\u2019orienter l\u2019action publique dans une perspective durable, impliquant des strat\u00e9gies anticipatrices et convergentes \u00e0 plusieurs \u00e9chelles temporelle et spatiale. Chami, qui intervenait \u00e0 l\u2019ouverture d\u2019une table ronde sous la th\u00e9matique [&hellip;]<\/p>\n","protected":false},"author":1787,"featured_media":0,"comment_status":"closed","ping_status":"closed","sticky":false,"template":"","format":"standard","meta":{"fifu_image_url":"","fifu_image_alt":"","footnotes":""},"categories":[78,54],"tags":[],"class_list":["post-75166","post","type-post","status-publish","format-standard","hentry","category-economie","category-maroc"],"_links":{"self":[{"href":"https:\/\/linitiative.ca\/International\/wp-json\/wp\/v2\/posts\/75166","targetHints":{"allow":["GET"]}}],"collection":[{"href":"https:\/\/linitiative.ca\/International\/wp-json\/wp\/v2\/posts"}],"about":[{"href":"https:\/\/linitiative.ca\/International\/wp-json\/wp\/v2\/types\/post"}],"author":[{"embeddable":true,"href":"https:\/\/linitiative.ca\/International\/wp-json\/wp\/v2\/users\/1787"}],"replies":[{"embeddable":true,"href":"https:\/\/linitiative.ca\/International\/wp-json\/wp\/v2\/comments?post=75166"}],"version-history":[{"count":0,"href":"https:\/\/linitiative.ca\/International\/wp-json\/wp\/v2\/posts\/75166\/revisions"}],"wp:attachment":[{"href":"https:\/\/linitiative.ca\/International\/wp-json\/wp\/v2\/media?parent=75166"}],"wp:term":[{"taxonomy":"category","embeddable":true,"href":"https:\/\/linitiative.ca\/International\/wp-json\/wp\/v2\/categories?post=75166"},{"taxonomy":"post_tag","embeddable":true,"href":"https:\/\/linitiative.ca\/International\/wp-json\/wp\/v2\/tags?post=75166"}],"curies":[{"name":"wp","href":"https:\/\/api.w.org\/{rel}","templated":true}]}}