{"id":75183,"date":"2020-02-04T15:41:16","date_gmt":"2020-02-04T20:41:16","guid":{"rendered":"https:\/\/linitiative.ca\/International\/trafic-denfants-des-mineurs-interceptes-a-gonse\/"},"modified":"2020-02-04T15:41:16","modified_gmt":"2020-02-04T20:41:16","slug":"trafic-denfants-des-mineurs-interceptes-a-gonse","status":"publish","type":"post","link":"https:\/\/linitiative.ca\/International\/trafic-denfants-des-mineurs-interceptes-a-gonse\/","title":{"rendered":"Trafic d\u2019enfants Des mineurs intercept\u00e9s  \u00e0 Gons\u00e9"},"content":{"rendered":"<div class=\"td-post-featured-image\"><a href=\"https:\/\/i2.wp.com\/www.sidwaya.info\/wp-content\/uploads\/2020\/02\/sidwaya005.gif?fit=787%2C525&#038;ssl=1\" data-caption=\"\"><img loading=\"lazy\" decoding=\"async\" width=\"696\" height=\"464\" class=\"entry-thumb td-modal-image\" src=\"https:\/\/i2.wp.com\/www.sidwaya.info\/wp-content\/uploads\/2020\/02\/sidwaya005.gif?resize=696%2C464&#038;ssl=1\" alt=\"\" title=\"sidwaya005\"\/><\/a><\/div>\n<p><strong>Le minist\u00e8re de la Femme, de la Solidarit\u00e9 nationale, de la Famille et de l\u2019Action humanitaire a officiellement remis des enfants intercept\u00e9s \u00e0 leurs parents, le lundi 3 f\u00e9vrier 2020 \u00e0 Ouagadougou.<\/strong><\/p>\n<p>Les services de s\u00e9curit\u00e9 de Gons\u00e9 ont intercept\u00e9 respectivement 23 et 29 jeunes, les 28 et 30 janvier derniers, dont 38 enfants ayant l\u2019\u00e2ge compris entre 13 et 17 ans. 34 d\u2019entre eux avaient \u00e9t\u00e9 plac\u00e9s au centre d\u2019\u00e9ducation et de formation professionnelle de Ouagadougou. Le lundi 3 f\u00e9vrier 2020 \u00e0 Ouagadougou, le minist\u00e8re de la Femme, de la Solidarit\u00e9 nationale, de la Famille et de l\u2019Action humanitaire, conform\u00e9ment \u00e0 sa mission de protection de l\u2019enfant, a organis\u00e9 le retour en famille d\u2019une dizaine d\u2019entre eux. Selon la ministre en charge de l\u2019action humanitaire, Laurence Ilboudo, les enfants provenaient principalement des r\u00e9gions du Plateau central, du Centre-Est, et du Centre-Nord et avaient pour destination Bobo-Dioulasso, le Mali et la C\u00f4te d\u2019Ivoire pour \u00eatre employ\u00e9s dans des sites d\u2019orpaillage. \u00ab La question de mobilit\u00e9 des enfants au Burkina Faso est tr\u00e8s pr\u00e9occupante. C\u2019est pourquoi, notre pays s\u2019est engag\u00e9 dans la protection de cette frange de la population \u00e0 travers l\u2019adoption des textes nationaux et internationaux, la signature d\u2019accords de coop\u00e9ration avec les pays limitrophes en mati\u00e8re de lutte contre la traite transfrontali\u00e8re des enfants \u00bb, a fait savoir la ministre. Et d\u2019appuyer que c\u2019est d\u2019ailleurs dans le cadre de cette coop\u00e9ration entre la C\u00f4te d\u2019Ivoire et le Burkina Faso, pour le d\u00e9mant\u00e8lement d\u2019un r\u00e9seau de trafic d\u2019enfants vers la nation ivoirienne, qui a abouti \u00e0 l\u2019interception de ces mineurs. A l\u2019occasion de cette remise officielle des enfants intercept\u00e9s, les parents pr\u00e9sents ont \u00e9t\u00e9 sensibilis\u00e9s au ph\u00e9nom\u00e8ne de la mobilit\u00e9 de leur prog\u00e9niture dans un contexte d\u2019ins\u00e9curit\u00e9. \u00ab Dans un contexte de d\u00e9fi s\u00e9curitaire, l\u2019enr\u00f4lement passe par des enfants. Il est important que les parents prennent leurs prog\u00e9nitures en charge jusqu\u2019\u00e0 l\u2019\u00e2ge de maturit\u00e9 \u00bb, a-t-elle soulign\u00e9. Dans l\u2019optique de minimiser le ph\u00e9nom\u00e8ne, la ministre a dit travailler en tandem avec les autres d\u00e9partements tels ceux en charge de la jeunesse et celui du commerce pour la r\u00e9silience des parents en situation de vuln\u00e9rabilit\u00e9, l\u2019une des causes qui pousse les enfants \u00e0 l\u2019exode ou \u00e0 l\u2019immigration pour trouver un emploi. Aussi, elle a annonc\u00e9 que des actions de sensibilisation et d\u2019autonomisation de la femme dans les localit\u00e9s concern\u00e9es en vue d\u2019endiguer le fl\u00e9au. Toutefois, Mme Ilboudo a signifi\u00e9 qu\u2019une plainte sera d\u00e9pos\u00e9e contre X.<\/p>\n<p>Kadi RABO<br \/>Rahissa CESSOUMA<br \/>(Stagiaire)<\/p>\n<div class=\"td-a-rec td-a-rec-id-content_bottom tdi_30_9ee td_block_template_1\"><img loading=\"lazy\" decoding=\"async\" class=\"aligncenter size-full wp-image-9623\" src=\"https:\/\/www.sidwaya.info\/wp-content\/uploads\/2019\/06\/Projet-bannie%CC%80re-Orange-mobile.jpg\" alt=\"\" width=\"728\" height=\"81\"\/><\/div>\n<p>Auteur: BM. Sidwaya<br \/>\n<a href=\"https:\/\/www.sidwaya.info\/blog\/2020\/02\/04\/trafic-denfants-des-mineurs-interceptes-a-gonse\/\">Cliquez ici pour lire l&rsquo;article depuis sa source.<\/a><\/p>\n","protected":false},"excerpt":{"rendered":"<p>Le minist\u00e8re de la Femme, de la Solidarit\u00e9 nationale, de la Famille et de l\u2019Action humanitaire a officiellement remis des enfants intercept\u00e9s \u00e0 leurs parents, le lundi 3 f\u00e9vrier 2020 \u00e0 Ouagadougou. Les services de s\u00e9curit\u00e9 de Gons\u00e9 ont intercept\u00e9 respectivement 23 et 29 jeunes, les 28 et 30 janvier derniers, dont 38 enfants ayant [&hellip;]<\/p>\n","protected":false},"author":1816,"featured_media":0,"comment_status":"closed","ping_status":"closed","sticky":false,"template":"","format":"standard","meta":{"fifu_image_url":"","fifu_image_alt":"","footnotes":""},"categories":[73,81],"tags":[],"class_list":["post-75183","post","type-post","status-publish","format-standard","hentry","category-actualite","category-burkina-faso"],"_links":{"self":[{"href":"https:\/\/linitiative.ca\/International\/wp-json\/wp\/v2\/posts\/75183","targetHints":{"allow":["GET"]}}],"collection":[{"href":"https:\/\/linitiative.ca\/International\/wp-json\/wp\/v2\/posts"}],"about":[{"href":"https:\/\/linitiative.ca\/International\/wp-json\/wp\/v2\/types\/post"}],"author":[{"embeddable":true,"href":"https:\/\/linitiative.ca\/International\/wp-json\/wp\/v2\/users\/1816"}],"replies":[{"embeddable":true,"href":"https:\/\/linitiative.ca\/International\/wp-json\/wp\/v2\/comments?post=75183"}],"version-history":[{"count":0,"href":"https:\/\/linitiative.ca\/International\/wp-json\/wp\/v2\/posts\/75183\/revisions"}],"wp:attachment":[{"href":"https:\/\/linitiative.ca\/International\/wp-json\/wp\/v2\/media?parent=75183"}],"wp:term":[{"taxonomy":"category","embeddable":true,"href":"https:\/\/linitiative.ca\/International\/wp-json\/wp\/v2\/categories?post=75183"},{"taxonomy":"post_tag","embeddable":true,"href":"https:\/\/linitiative.ca\/International\/wp-json\/wp\/v2\/tags?post=75183"}],"curies":[{"name":"wp","href":"https:\/\/api.w.org\/{rel}","templated":true}]}}