{"id":75195,"date":"2020-02-04T13:21:50","date_gmt":"2020-02-04T18:21:50","guid":{"rendered":"https:\/\/linitiative.ca\/International\/le-gicam-a-le-soutien-decam-dans-son-opposition-a-la-direction-generale-des-impots\/"},"modified":"2020-02-04T13:21:50","modified_gmt":"2020-02-04T18:21:50","slug":"le-gicam-a-le-soutien-decam-dans-son-opposition-a-la-direction-generale-des-impots","status":"publish","type":"post","link":"https:\/\/linitiative.ca\/International\/le-gicam-a-le-soutien-decam-dans-son-opposition-a-la-direction-generale-des-impots\/","title":{"rendered":"Le Gicam a le soutien d\u2019Ecam dans son opposition \u00e0 la direction g\u00e9n\u00e9rale des Imp\u00f4ts"},"content":{"rendered":"<p class=\"yiv6709467909MsoNormal\">En fin de semaine derni\u00e8re, Entreprises du Cameroun (<strong>Ecam<\/strong>) a r\u00e9agi \u00e0 ce qu\u2019il est convenu d\u2019appeler \u00ab l\u2019Affaire Gicam-DGI \u00bb, d\u00e9clench\u00e9e apr\u00e8s une lettre adress\u00e9e le 16 janvier au pr\u00e9sident de la R\u00e9publique,\u00a0<strong>Paul Biya<\/strong>, par le pr\u00e9sident du Groupement inter patronal du Cameroun (<strong>Gicam<\/strong>), C\u00e9lestin Tawamba. Dans cette adresse, le pr\u00e9sident du Gicam d\u00e9nonce les pratiques de l\u2019administration fiscale, et demande, implicitement, le limogeage du directeur g\u00e9n\u00e9ral des Imp\u00f4ts (DGI),\u00a0<strong>Modeste Mopa Fatoing<\/strong>.<\/p>\n<p class=\"yiv6709467909MsoNormal\">Le pr\u00e9sident du conseil d\u2019administration (PCA) du mouvement patronal Ecam,\u00a0<strong>Protais Ayangma Amang<\/strong>, commence par reconna\u00eetre que cette lettre \u00ab aura provoqu\u00e9 un vrai d\u00e9bat dans l\u2019opinion \u00bb au sujet de la fiscalit\u00e9 au Cameroun.<\/p>\n<p class=\"yiv6709467909MsoNormal\">\u00ab Les entreprises, comme les citoyens, ont l\u2019imp\u00e9rieux devoir de s\u2019acquitter de leurs imp\u00f4ts. Et en retour, l\u2019Etat d\u2019assumer ses fonctions r\u00e9galiennes. C\u2019est le fondement m\u00eame du pacte r\u00e9publicain. Pour que cela fonctionne, il faut un minimum de consensus entre les diff\u00e9rents acteurs \u00bb, \u00e9crit Protais Ayangma Amang. Avant d\u2019ajouter\u00a0: \u00ab il est donc urgent de r\u00e9tablir ce dialogue sans lequel l\u2019\u00e9conomie ne saurait conna\u00eetre son v\u00e9ritable essor \u00bb.<\/p>\n<p class=\"yiv6709467909MsoNormal\"><strong>Propositions<\/strong><\/p>\n<p class=\"yiv6709467909MsoNormal\">Sur le fond de l\u2019affaire, le constat de Ecam est clair\u00a0: \u00ab la pression fiscale est de plus en plus forte. Elle ne touche pas seulement les grandes entreprises, mais \u00e9galement et surtout les petites et moyennes entreprises qui n\u2019ont pas les moyens de s\u2019offrir des experts en optimisation fiscale \u00bb. Et c\u2019est cette fiscalit\u00e9 \u00ab\u00a0qui tire vers le bas, le classement du Cameroun dans le Doing Business \u00bb.<\/p>\n<p class=\"yiv6709467909MsoNormal\">\u00ab Il est plus qu\u2019urgent, pr\u00e9vient Protais Ayangma Amang, de r\u00e9tablir la confiance entre l\u2019administration fiscale et les contribuables sans lesquels il n\u2019y a pas d\u2019Etat\u00a0\u00bb. Les cadres de concertation actuels ayant montr\u00e9 leurs limites, et le recours \u00e0 la justice ayant \u00e9t\u00e9 volontairement rendu pratiquement impossible, Ecam propose la cr\u00e9ation d\u2019un poste de M\u00e9diateur avec pouvoir d\u2019arbitrage sur les questions fiscalo-douani\u00e8res \u00bb. Le PCA de Ecam souhaite en outre que le secteur priv\u00e9 soit invit\u00e9 lors de l\u2019examen de la loi de Finances.<\/p>\n<div class=\"sharedaddy sd-sharing-enabled robots-nocontent sd-block sd-social sd-social-icon-text sd-sharing\">\n<h3 class=\"sd-title\">Partager\u00a0:<\/h3>\n<\/div>\n<p><h3 class=\"jp-relatedposts-headline\"><em>Articles similaires<\/em><\/h3>\n<\/p>\n<p>Auteur: Nasser Ngoume<br \/>\n<a href=\"https:\/\/ecomatin.net\/le-gicam-a-le-soutien-decam-dans-son-opposition-a-la-direction-generale-des-impots\/\">Cliquez ici pour lire l&rsquo;article depuis sa source.<\/a><\/p>\n","protected":false},"excerpt":{"rendered":"<p>En fin de semaine derni\u00e8re, Entreprises du Cameroun (Ecam) a r\u00e9agi \u00e0 ce qu\u2019il est convenu d\u2019appeler \u00ab l\u2019Affaire Gicam-DGI \u00bb, d\u00e9clench\u00e9e apr\u00e8s une lettre adress\u00e9e le 16 janvier au pr\u00e9sident de la R\u00e9publique,\u00a0Paul Biya, par le pr\u00e9sident du Groupement inter patronal du Cameroun (Gicam), C\u00e9lestin Tawamba. Dans cette adresse, le pr\u00e9sident du Gicam d\u00e9nonce [&hellip;]<\/p>\n","protected":false},"author":1969,"featured_media":0,"comment_status":"closed","ping_status":"closed","sticky":false,"template":"","format":"standard","meta":{"fifu_image_url":"","fifu_image_alt":"","footnotes":""},"categories":[82,78],"tags":[],"class_list":["post-75195","post","type-post","status-publish","format-standard","hentry","category-cameroun","category-economie"],"_links":{"self":[{"href":"https:\/\/linitiative.ca\/International\/wp-json\/wp\/v2\/posts\/75195","targetHints":{"allow":["GET"]}}],"collection":[{"href":"https:\/\/linitiative.ca\/International\/wp-json\/wp\/v2\/posts"}],"about":[{"href":"https:\/\/linitiative.ca\/International\/wp-json\/wp\/v2\/types\/post"}],"author":[{"embeddable":true,"href":"https:\/\/linitiative.ca\/International\/wp-json\/wp\/v2\/users\/1969"}],"replies":[{"embeddable":true,"href":"https:\/\/linitiative.ca\/International\/wp-json\/wp\/v2\/comments?post=75195"}],"version-history":[{"count":0,"href":"https:\/\/linitiative.ca\/International\/wp-json\/wp\/v2\/posts\/75195\/revisions"}],"wp:attachment":[{"href":"https:\/\/linitiative.ca\/International\/wp-json\/wp\/v2\/media?parent=75195"}],"wp:term":[{"taxonomy":"category","embeddable":true,"href":"https:\/\/linitiative.ca\/International\/wp-json\/wp\/v2\/categories?post=75195"},{"taxonomy":"post_tag","embeddable":true,"href":"https:\/\/linitiative.ca\/International\/wp-json\/wp\/v2\/tags?post=75195"}],"curies":[{"name":"wp","href":"https:\/\/api.w.org\/{rel}","templated":true}]}}