{"id":75196,"date":"2020-02-04T13:30:17","date_gmt":"2020-02-04T18:30:17","guid":{"rendered":"https:\/\/linitiative.ca\/International\/31-entreprises-autorisees-a-sinstaller-dans-la-zone-industrielle-du-port-de-krib\/"},"modified":"2020-02-04T13:30:17","modified_gmt":"2020-02-04T18:30:17","slug":"31-entreprises-autorisees-a-sinstaller-dans-la-zone-industrielle-du-port-de-krib","status":"publish","type":"post","link":"https:\/\/linitiative.ca\/International\/31-entreprises-autorisees-a-sinstaller-dans-la-zone-industrielle-du-port-de-krib\/","title":{"rendered":"31 entreprises autoris\u00e9es \u00e0 s\u2019installer dans la zone industrielle du Port de Krib"},"content":{"rendered":"<div class=\"featured-area featured-area-inner\"><img loading=\"lazy\" decoding=\"async\" width=\"300\" height=\"168\" src=\"https:\/\/i2.wp.com\/ecomatin.net\/wp-content\/uploads\/2020\/02\/Pak.jpg?resize=300%2C168&#038;ssl=1&#038;is-pending-load=1\" class=\"attachment-jannah-image-post size-jannah-image-post wp-post-image jetpack-lazy-image\" alt=\"\" srcset=\"data:image\/gif;base64,R0lGODlhAQABAIAAAAAAAP\/\/\/yH5BAEAAAAALAAAAAABAAEAAAIBRAA7\"\/><\/div>\n<div class=\"entry-content entry clearfix\" readability=\"68.5295454545\">\n<p class=\"yiv6709467909MsoNormal\">Selon les responsables du Port autonome de Kribi (<strong>PAK<\/strong>), entreprise publique charg\u00e9e de la gestion de la plus grande plateforme portuaire du Cameroun, les demandes de\u00a0<strong>208 entreprises<\/strong>\u00a0ont d\u00e9j\u00e0 \u00e9t\u00e9 trait\u00e9es en vue d\u2019int\u00e9grer la zone industrielle de ce port en eau profonde. Pour une surface globale estim\u00e9es \u00e0 4\u00a0138 hectares.<\/p>\n<p class=\"yiv6709467909MsoNormal\">\u00c0 date, indique le PAK,\u00a0<strong>31 autorisations<\/strong>\u00a0d\u2019occupation temporaire (<strong>AOT<\/strong>) ont \u00e9t\u00e9 d\u00e9livr\u00e9es pour une surface cumul\u00e9e de\u00a0<strong>123,9 hectares.<\/strong>\u00a0Sur le terrain, suivant les\u00a0<strong>AOT<\/strong>\u00a0accord\u00e9es, l\u2019occupation des parcelles est progressive. Parmi les entreprises ayant achev\u00e9 les travaux d\u2019am\u00e9nagement, figure en bonne place\u00a0<strong>Atlantic Cocoa Corporation<\/strong>\u00a0(<strong>ACC<\/strong>), dont l\u2019usine de production se dresse au c\u0153ur de la zone industrielle.\u00a0<em>\u00ab\u2009Les essais \u00e0 vide des machines ont \u00e9t\u00e9 faits et l\u2019on n\u2019attend r\u00e9ellement plus que le lancement officiel des activit\u00e9s de transformation de cacao. Installation \u00e9galement achev\u00e9e pour\u00a0<strong>IHS<\/strong>\u00a0(t\u00e9l\u00e9communications) dont le fonctionnement a d\u00e9but\u00e9 depuis peu\u2009\u00bb,<\/em>\u00a0se f\u00e9licite le\u00a0<strong>PAK<\/strong>.<\/p>\n<p class=\"yiv6709467909MsoNormal\">Au titre des travaux de construction en cours, il y a le plus gros des b\u00e9n\u00e9ficiaires d\u2019AOT\u00a0:\u00a0Cemtech\u00a0Industries\u00a0Cameroun\u00a0(cimenterie)\u2009; Soci\u00e9t\u00e9 industrielle de construction d\u2019appareils \u00e9lectrom\u00e9nagers et de climatiseurs\u2009;\u00a0Bollor\u00e9 Transport Logistique\u00a0; Tractafric, Ocean Shipping and Logistics Company\u00a0; Kribi island services ou encore Soci\u00e9t\u00e9 d\u2019exploitation des parcs \u00e0 bois du Cameroun. La direction de l\u2019am\u00e9nagement et de l\u2019environnement du PAK collabore par ailleurs avec une derni\u00e8re cat\u00e9gorie d\u2019entreprises, dont les dossiers techniques d\u2019am\u00e9nagement sont en cours de r\u00e9alisation. Il s\u2019agit notamment de Color Ceramica Sarl, APM (Agence de Prestations Maritimes SA) et Scie Emergence.<\/p>\n<p class=\"yiv6709467909MsoNormal\">Officiellement mis en service le 2 mars 2018, le Port Autonome de Kribi couvre au total\u00a0<strong>50 destinations<\/strong>\u00a0\u00e0 travers le monde. Principalement en Europe, en Asie, en Am\u00e9rique, mais \u00e9galement en Afrique. Depuis le lancement de ses activit\u00e9s, le Port de Kribi rapporte un peu plus\u00a0<strong>d\u20191<\/strong>\u00a0<strong>milliard<\/strong>\u00a0<strong>de FCFA<\/strong>\u00a0aux caisses de l\u2019Etat chaque mois.<\/p>\n<div class=\"sharedaddy sd-sharing-enabled robots-nocontent sd-block sd-social sd-social-icon-text sd-sharing\">\n<h3 class=\"sd-title\">Partager\u00a0:<\/h3>\n<\/div>\n<p><h3 class=\"jp-relatedposts-headline\"><em>Articles similaires<\/em><\/h3>\n<\/p>\n<\/div>\n<div class=\"toggle-post-content clearfix\"><a id=\"toggle-post-button\" class=\"button\" href=\"#\">Afficher plus <\/a><\/div>\n<p>Auteur: Nasser Ngoume<br \/>\n<a href=\"https:\/\/ecomatin.net\/31-entreprises-autorisees-a-sinstaller-dans-la-zone-industrielle-du-port-de-krib\/\">Cliquez ici pour lire l&rsquo;article depuis sa source.<\/a><\/p>\n","protected":false},"excerpt":{"rendered":"<p>Selon les responsables du Port autonome de Kribi (PAK), entreprise publique charg\u00e9e de la gestion de la plus grande plateforme portuaire du Cameroun, les demandes de\u00a0208 entreprises\u00a0ont d\u00e9j\u00e0 \u00e9t\u00e9 trait\u00e9es en vue d\u2019int\u00e9grer la zone industrielle de ce port en eau profonde. Pour une surface globale estim\u00e9es \u00e0 4\u00a0138 hectares. \u00c0 date, indique le PAK,\u00a031 [&hellip;]<\/p>\n","protected":false},"author":1969,"featured_media":0,"comment_status":"closed","ping_status":"closed","sticky":false,"template":"","format":"standard","meta":{"fifu_image_url":"","fifu_image_alt":"","footnotes":""},"categories":[82,78],"tags":[],"class_list":["post-75196","post","type-post","status-publish","format-standard","hentry","category-cameroun","category-economie"],"_links":{"self":[{"href":"https:\/\/linitiative.ca\/International\/wp-json\/wp\/v2\/posts\/75196","targetHints":{"allow":["GET"]}}],"collection":[{"href":"https:\/\/linitiative.ca\/International\/wp-json\/wp\/v2\/posts"}],"about":[{"href":"https:\/\/linitiative.ca\/International\/wp-json\/wp\/v2\/types\/post"}],"author":[{"embeddable":true,"href":"https:\/\/linitiative.ca\/International\/wp-json\/wp\/v2\/users\/1969"}],"replies":[{"embeddable":true,"href":"https:\/\/linitiative.ca\/International\/wp-json\/wp\/v2\/comments?post=75196"}],"version-history":[{"count":0,"href":"https:\/\/linitiative.ca\/International\/wp-json\/wp\/v2\/posts\/75196\/revisions"}],"wp:attachment":[{"href":"https:\/\/linitiative.ca\/International\/wp-json\/wp\/v2\/media?parent=75196"}],"wp:term":[{"taxonomy":"category","embeddable":true,"href":"https:\/\/linitiative.ca\/International\/wp-json\/wp\/v2\/categories?post=75196"},{"taxonomy":"post_tag","embeddable":true,"href":"https:\/\/linitiative.ca\/International\/wp-json\/wp\/v2\/tags?post=75196"}],"curies":[{"name":"wp","href":"https:\/\/api.w.org\/{rel}","templated":true}]}}