{"id":75308,"date":"2020-02-06T10:00:23","date_gmt":"2020-02-06T15:00:23","guid":{"rendered":"https:\/\/linitiative.ca\/International\/luniversite-abdelmalek-essaadi-etoffe-son-reseau\/"},"modified":"2020-02-06T10:00:23","modified_gmt":"2020-02-06T15:00:23","slug":"luniversite-abdelmalek-essaadi-etoffe-son-reseau","status":"publish","type":"post","link":"https:\/\/linitiative.ca\/International\/luniversite-abdelmalek-essaadi-etoffe-son-reseau\/","title":{"rendered":"L\u2019Universit\u00e9 Abdelmalek Essa\u00e2di \u00e9toffe son r\u00e9seau"},"content":{"rendered":"<p><img decoding=\"async\" class=\"post_layout_5_img\" src=\"http:\/\/aujourdhui.ma\/wp-content\/uploads\/2020\/02\/Universite%CC%81-Abdelmalek-Essaa%CC%82di-.jpg?x29840\" alt=\"L\u2019Universit\u00e9 Abdelmalek Essa\u00e2di \u00e9toffe son r\u00e9seau\"\/><\/p>\n<p class=\"p1\"><span class=\"c5\"><strong><span class=\"c4\"><em>Une facult\u00e9 polydisciplinaire \u00e0 Ouezzane et une autre des sciences \u00e9conomiques et de gestion \u00e0 T\u00e9touan<\/em><\/span><\/strong><\/span> <span id=\"more-332325\"\/><\/p>\n<div class=\"base-box mom_box_sc_custom mom_box_sc clear c6\" readability=\"8\">\n<p class=\"p1\"><strong>La facult\u00e9 polydisciplinaire d\u2019Ouezzane est destin\u00e9e \u00e0 r\u00e9pondre \u00e0 une forte demande des bacheliers de la province et des autres zones avoisinantes.<\/strong><\/p>\n<\/div>\n<p class=\"p2\"><span class=\"s1\">L\u2019Universit\u00e9 Abdelmalek Essa\u00e2di (UAE) pr\u00e9voit l\u2019installation de nouvelles infrastructures en vue de d\u00e9velopper son offre de formation \u00e0 travers la r\u00e9gion du Nord. C\u2019est du moins ce qui est ressorti de la derni\u00e8re assembl\u00e9e du conseil de gestion de l\u2019UAE, dont les travaux ont eu lieu, lundi 3 f\u00e9vrier, au si\u00e8ge de la pr\u00e9sidence de cette institution d\u2019enseignement sup\u00e9rieur \u00e0 T\u00e9touan. Dirig\u00e9e par Dr Mohammed Errami, pr\u00e9sident de l\u2019Universit\u00e9, cette assembl\u00e9e qui a connu la pr\u00e9sence de Fatima El Hassani, pr\u00e9sidente du Conseil de la r\u00e9gion de Tanger-T\u00e9touan-Al Hoceima (principal partenaire de l\u2019UAE), s\u2019est distingu\u00e9e par l\u2019approbation du projet de cr\u00e9ation d\u2019une facult\u00e9 polydisciplinaire \u00e0 Ouezzane. A l\u2019instar d\u2019autres infrastructures universitaires cr\u00e9\u00e9es ces derni\u00e8res ann\u00e9es dans le Nord, ce projet s\u2019inscrit dans le cadre d\u2019un ambitieux programme visant \u00e0 \u00e9largir l\u2019offre de formation \u00e0 travers les principales villes de la r\u00e9gion. Il est destin\u00e9 ainsi \u00e0 r\u00e9pondre \u00e0 une forte demande des bacheliers de la province d\u2019Ouezzane et des autres zones avoisinantes, tout en cherchant \u00e0 r\u00e9duire la pression sur les autres facult\u00e9s polydisciplinaires des deux villes de Larache et T\u00e9touan et leurs annexes respectives.<\/span><\/p>\n<p class=\"p2\"><span class=\"s1\">Repr\u00e9sentant 8% des effectifs de l\u2019enseignement sup\u00e9rieur, l\u2019UAE verra aussi son r\u00e9seau se renforcer par un projet de facult\u00e9 des sciences \u00e9conomiques et de gestion \u00e0 T\u00e9touan, qui a \u00e9t\u00e9 adopt\u00e9 par les membres du conseil de gestion de cette institution d\u2019enseignement sup\u00e9rieur. Il vise \u00e0 rem\u00e9dier au surpeuplement dont souffrent les diff\u00e9rents \u00e9tablissements de l\u2019UAE.<\/span><\/p>\n<p><a href=\"http:\/\/aujourdhui.ma\/wp-content\/uploads\/2020\/02\/Universite%CC%81-Abdelmalek-Essaa%CC%82di.jpg?x29840\"><img loading=\"lazy\" decoding=\"async\" class=\"size-full wp-image-332331 aligncenter\" src=\"http:\/\/aujourdhui.ma\/wp-content\/uploads\/2020\/02\/Universite%CC%81-Abdelmalek-Essaa%CC%82di.jpg?x29840\" alt=\"\" width=\"746\" height=\"380\" srcset=\"http:\/\/aujourdhui.ma\/wp-content\/uploads\/2020\/02\/Universite\u0301-Abdelmalek-Essaa\u0302di.jpg 746w, http:\/\/aujourdhui.ma\/wp-content\/uploads\/2020\/02\/Universite\u0301-Abdelmalek-Essaa\u0302di-300x153.jpg 300w\" sizes=\"auto, (max-width: 746px) 100vw, 746px\"\/><\/a><\/p>\n<p class=\"p2\"><span class=\"s1\">Rappelons que Ksar El K\u00e9bir vient de conna\u00eetre fin octobre 2019 le lancement des travaux de construction d\u2019une facult\u00e9 polydisciplinaire relevant de l\u2019UAE.<\/span><\/p>\n<p class=\"p2\"><span class=\"s1\">S\u2019\u00e9tendant sur une superficie globale de 5.218 m<sup>2<\/sup>, ce projet est pr\u00e9vu d\u2019\u00eatre r\u00e9alis\u00e9 dans un d\u00e9lai de 18 mois et pour un investissement total de 28,9 millions de dirhams. Elle comportera deux amphith\u00e9\u00e2tres disposant d\u2019une capacit\u00e9 d\u2019accueil de 300 si\u00e8ges et quatre salles de cours. Il s\u2019agit \u00e9galement de deux locaux techniques, un bloc p\u00e9dagogique, une biblioth\u00e8que ainsi qu\u2019un bloc administratif. Entre-temps, Ksar El K\u00e9bir avait connu l\u2019ouverture d\u2019une annexe de la Facult\u00e9 de droit relevant de l\u2019UAE, dont l\u2019entr\u00e9e en service a eu lieu lors du lacement de la saison 2018-2019. Il a permis de doter cette universit\u00e9 de quelque 500 places suppl\u00e9mentaires.<\/span><\/p>\n<p class=\"p2\"><span class=\"s1\">Cr\u00e9\u00e9e il y a une trentaine d\u2019ann\u00e9es \u00e0 T\u00e9touan, l\u2019UAE a r\u00e9ussi \u00e0 se faire une place parmi les principales universit\u00e9s gr\u00e2ce \u00e0 ses \u00e9tablissements r\u00e9partis dans un premier temps entre Tanger, T\u00e9touan et Martil. Elle a pu au fil du temps s\u2019agrandir pour couvrir Larache, Al Hoceima puis Ksar El K\u00e9bir. Gr\u00e2ce \u00e0 sa position de chef-lieu du Nord, la ville du d\u00e9troit se taille la part du lion en termes d\u2019\u00e9tablissements d\u2019enseignement sup\u00e9rieur, dont l\u2019Ecole sup\u00e9rieure du Roi Fahd de traduction, l\u2019ENCG et l\u2019ENSA. Elle est suivie de T\u00e9touan qui accueille la pr\u00e9sidence de l\u2019UAE ainsi que ses deux facult\u00e9s des lettres et sciences et une annexe de la facult\u00e9 des sciences juridiques, \u00e9conomiques et sociales.<\/span><\/p>\n<p>Auteur: Najat Fa\u00efssal<br \/>\n<a href=\"http:\/\/aujourdhui.ma\/emploi\/formation\/luniversite-abdelmalek-essaadi-etoffe-son-reseau\">Cliquez ici pour lire l&rsquo;article depuis sa source.<\/a><\/p>\n","protected":false},"excerpt":{"rendered":"<p>Une facult\u00e9 polydisciplinaire \u00e0 Ouezzane et une autre des sciences \u00e9conomiques et de gestion \u00e0 T\u00e9touan La facult\u00e9 polydisciplinaire d\u2019Ouezzane est destin\u00e9e \u00e0 r\u00e9pondre \u00e0 une forte demande des bacheliers de la province et des autres zones avoisinantes. L\u2019Universit\u00e9 Abdelmalek Essa\u00e2di (UAE) pr\u00e9voit l\u2019installation de nouvelles infrastructures en vue de d\u00e9velopper son offre de formation [&hellip;]<\/p>\n","protected":false},"author":1759,"featured_media":0,"comment_status":"closed","ping_status":"closed","sticky":false,"template":"","format":"standard","meta":{"fifu_image_url":"","fifu_image_alt":"","footnotes":""},"categories":[73,54],"tags":[],"class_list":["post-75308","post","type-post","status-publish","format-standard","hentry","category-actualite","category-maroc"],"_links":{"self":[{"href":"https:\/\/linitiative.ca\/International\/wp-json\/wp\/v2\/posts\/75308","targetHints":{"allow":["GET"]}}],"collection":[{"href":"https:\/\/linitiative.ca\/International\/wp-json\/wp\/v2\/posts"}],"about":[{"href":"https:\/\/linitiative.ca\/International\/wp-json\/wp\/v2\/types\/post"}],"author":[{"embeddable":true,"href":"https:\/\/linitiative.ca\/International\/wp-json\/wp\/v2\/users\/1759"}],"replies":[{"embeddable":true,"href":"https:\/\/linitiative.ca\/International\/wp-json\/wp\/v2\/comments?post=75308"}],"version-history":[{"count":0,"href":"https:\/\/linitiative.ca\/International\/wp-json\/wp\/v2\/posts\/75308\/revisions"}],"wp:attachment":[{"href":"https:\/\/linitiative.ca\/International\/wp-json\/wp\/v2\/media?parent=75308"}],"wp:term":[{"taxonomy":"category","embeddable":true,"href":"https:\/\/linitiative.ca\/International\/wp-json\/wp\/v2\/categories?post=75308"},{"taxonomy":"post_tag","embeddable":true,"href":"https:\/\/linitiative.ca\/International\/wp-json\/wp\/v2\/tags?post=75308"}],"curies":[{"name":"wp","href":"https:\/\/api.w.org\/{rel}","templated":true}]}}