{"id":75351,"date":"2020-02-06T11:00:00","date_gmt":"2020-02-06T16:00:00","guid":{"rendered":"https:\/\/linitiative.ca\/International\/le-president-tebboune-recoit-une-invitation-du-serviteur-des-deux-lieux-saints-pour-effectuer-une-visite-en-arabie-saoudite\/"},"modified":"2020-02-06T11:00:00","modified_gmt":"2020-02-06T16:00:00","slug":"le-president-tebboune-recoit-une-invitation-du-serviteur-des-deux-lieux-saints-pour-effectuer-une-visite-en-arabie-saoudite","status":"publish","type":"post","link":"https:\/\/linitiative.ca\/International\/le-president-tebboune-recoit-une-invitation-du-serviteur-des-deux-lieux-saints-pour-effectuer-une-visite-en-arabie-saoudite\/","title":{"rendered":"Le Pr\u00e9sident Tebboune re\u00e7oit une invitation du Serviteur des deux Lieux Saints pour effectuer une visite en Arabie Saoudite"},"content":{"rendered":"<p>Dans une d\u00e9claration \u00e0 la presse, \u00e0 l&rsquo;issue de l&rsquo;audience que lui a accord\u00e9e le Pr\u00e9sident Tebboune, le ministre saoudien a d\u00e9clar\u00e9: \u00ab\u00a0J&rsquo;ai eu l&rsquo;honneur de transmettre les salutations du Serviteur des deux Lieux Saints au Pr\u00e9sident Tebboune et de lui remettre une lettre d&rsquo;invitation pour effectuer une visite en Arabie Saoudite, son deuxi\u00e8me pays, au moment qu&rsquo;il jugera opportun\u00a0\u00bb.<\/p>\n<p>Cette rencontre a \u00e9t\u00e9 l&rsquo;occasion de \u00ab\u00a0se concerter sur les relations bilat\u00e9rales anciennes qui remontent \u00e0 la guerre de lib\u00e9ration nationale\u00a0\u00bb, a-t-il indiqu\u00e9, r\u00e9affirmant l&rsquo;attachement de son pays \u00ab\u00a0au d\u00e9veloppement de ces relations et \u00e0 leur promotion \u00e0 de plus hauts niveaux\u00a0\u00bb.<\/p>\n<p>Apres avoir relev\u00e9 la \u00ab\u00a0convergence\u00a0\u00bb des vues des deux pays sur \u00ab\u00a0plusieurs dossiers\u00a0\u00bb, le chef de la diplomatie saoudienne a exprim\u00e9 l&rsquo;attachement de son pays \u00e0 \u00ab\u00a0une coordination avec l&rsquo;Alg\u00e9rie sur tout ce qui \u00e0 m\u00eame de servir les int\u00e9r\u00eats du monde arabo-musulman\u00a0\u00bb, souhaitant la poursuite \u00ab\u00a0des contacts et de la coop\u00e9ration\u00a0\u00bb entre les deux pays.<\/p>\n<p>L&rsquo;entretien s&rsquo;est d\u00e9roul\u00e9 en pr\u00e9sence du directeur de cabinet de la Pr\u00e9sidence de la R\u00e9publique, Noureddine Ayadi, du ministre des Affaires \u00e9trang\u00e8res, Sabri Boukadoum, du secr\u00e9taire d&rsquo;Etat charg\u00e9 de la communaut\u00e9 nationale et des comp\u00e9tences \u00e0 l&rsquo;\u00e9tranger, Rachid Bladehane et du ministre conseiller \u00e0 la communication, porte-parole officiel de la Pr\u00e9sidence de la R\u00e9publique, Bela\u00efd Mohand Oussaid.<\/p>\n<p>APS<\/p>\n<p>Auteur: elmoudjahid<br \/>\n<a href=\"http:\/\/www.elmoudjahid.com\/fr\/actualites\/148125\">Cliquez ici pour lire l&rsquo;article depuis sa source.<\/a><\/p>\n","protected":false},"excerpt":{"rendered":"<p>Dans une d\u00e9claration \u00e0 la presse, \u00e0 l&rsquo;issue de l&rsquo;audience que lui a accord\u00e9e le Pr\u00e9sident Tebboune, le ministre saoudien a d\u00e9clar\u00e9: \u00ab\u00a0J&rsquo;ai eu l&rsquo;honneur de transmettre les salutations du Serviteur des deux Lieux Saints au Pr\u00e9sident Tebboune et de lui remettre une lettre d&rsquo;invitation pour effectuer une visite en Arabie Saoudite, son deuxi\u00e8me pays, [&hellip;]<\/p>\n","protected":false},"author":1744,"featured_media":0,"comment_status":"closed","ping_status":"closed","sticky":false,"template":"","format":"standard","meta":{"fifu_image_url":"","fifu_image_alt":"","footnotes":""},"categories":[73,53],"tags":[],"class_list":["post-75351","post","type-post","status-publish","format-standard","hentry","category-actualite","category-algerie"],"_links":{"self":[{"href":"https:\/\/linitiative.ca\/International\/wp-json\/wp\/v2\/posts\/75351","targetHints":{"allow":["GET"]}}],"collection":[{"href":"https:\/\/linitiative.ca\/International\/wp-json\/wp\/v2\/posts"}],"about":[{"href":"https:\/\/linitiative.ca\/International\/wp-json\/wp\/v2\/types\/post"}],"author":[{"embeddable":true,"href":"https:\/\/linitiative.ca\/International\/wp-json\/wp\/v2\/users\/1744"}],"replies":[{"embeddable":true,"href":"https:\/\/linitiative.ca\/International\/wp-json\/wp\/v2\/comments?post=75351"}],"version-history":[{"count":0,"href":"https:\/\/linitiative.ca\/International\/wp-json\/wp\/v2\/posts\/75351\/revisions"}],"wp:attachment":[{"href":"https:\/\/linitiative.ca\/International\/wp-json\/wp\/v2\/media?parent=75351"}],"wp:term":[{"taxonomy":"category","embeddable":true,"href":"https:\/\/linitiative.ca\/International\/wp-json\/wp\/v2\/categories?post=75351"},{"taxonomy":"post_tag","embeddable":true,"href":"https:\/\/linitiative.ca\/International\/wp-json\/wp\/v2\/tags?post=75351"}],"curies":[{"name":"wp","href":"https:\/\/api.w.org\/{rel}","templated":true}]}}