{"id":75369,"date":"2020-02-06T10:01:00","date_gmt":"2020-02-06T15:01:00","guid":{"rendered":"https:\/\/linitiative.ca\/International\/expo-finances-2020-du-13-au-15-fevrier-start-up-innovation-et-inclusion-financiere\/"},"modified":"2020-02-06T10:01:00","modified_gmt":"2020-02-06T15:01:00","slug":"expo-finances-2020-du-13-au-15-fevrier-start-up-innovation-et-inclusion-financiere","status":"publish","type":"post","link":"https:\/\/linitiative.ca\/International\/expo-finances-2020-du-13-au-15-fevrier-start-up-innovation-et-inclusion-financiere\/","title":{"rendered":"Expo Finances 2020 du 13 au 15 f\u00e9vrier: start-up, innovation et inclusion financi\u00e8re"},"content":{"rendered":"<p>Le financement des start-up et l\u2019innovation et l\u2019inclusion financi\u00e8re constitueront l\u2019un des th\u00e8mes centraux de la 8\u00e8me \u00e9dition du Salon International des banques, de l\u2019assurance et des services financiers \u00ab Expo Finances \u00bb, qui se tiendra du 13 au 15 f\u00e9vrier au centre des Expositions Tunis \u2013 La Charguia. En pr\u00e9vision de ce salon, une conf\u00e9rence de presse a \u00e9t\u00e9 organis\u00e9e jeudi 6 f\u00e9vrier \u00e0 l\u2019espace Ar\u00e9na \u00e0 Tunis.<br \/>Le th\u00e8me cl\u00e9 d\u2019Expo Finances 2020 est le financement des start-up et l\u2019innovation et l\u2019inclusion financi\u00e8re. Dans ce cadre, Expo Finances met en avant l\u2019innovation digitale appliqu\u00e9e aux transactions financi\u00e8res. Ainsi, elle fait la promotion des moyens de paiement tels que le paiement mobile et elle fait participer les soci\u00e9t\u00e9s Fintech de fa\u00e7on active \u00e0 cette manifestation. Elle expose \u00e9galement les nouvelles technologies de s\u00e9curit\u00e9 des transactions. De plus, elle fait la promotion des diff\u00e9rents produits bancaires et financiers.<\/p>\n<p>M. Mohamed Kaaniche, vice-pr\u00e9sident de l\u2019APTBEF a d\u00e9clar\u00e9 que: \u00abExpo Finances repr\u00e9sentait une occasion exceptionnelle de rencontres et d\u2019\u00e9changes entre porteurs de projets, professionnels de la finance et de la banque et amateurs d\u2019innovation. Gr\u00e2ce aux exposants, aux workshops et aux panels d\u2019experts,\u00a0 car cela cr\u00e9ait un vivier d\u2019opportunit\u00e9s et permet de tisser des liens autour d\u2019ambitions et de projets communs \u00bb<br \/>Parall\u00e8lement \u00e0 l&rsquo;exposition, le programme est riche et vari\u00e9, entre workshops anim\u00e9s par des experts, formations et comp\u00e9tition de cybersecurit\u00e9. Les panels d\u2019experts sont r\u00e9partis sur les deux premiers jours et porteront sur des th\u00e8mes tels que le decashing, les enjeux du digital et de data science dans la bancassurance, le digital payment et l\u2019accompagnement des startups. \u00c9galement, des formations porteront sur le digital au service du risk management et une simulation d\u2019exercice de protection des syst\u00e8mes d&rsquo;information (CTF).<\/p>\n<p>Auteur:<br \/>\n<a href=\"https:\/\/www.leaders.com.tn\/article\/29071-expo-finances-2020-du-13-au-15-fevrier-start-up-innovation-et-inclusion-financiere\">Cliquez ici pour lire l&rsquo;article depuis sa source.<\/a><\/p>\n","protected":false},"excerpt":{"rendered":"<p>Le financement des start-up et l\u2019innovation et l\u2019inclusion financi\u00e8re constitueront l\u2019un des th\u00e8mes centraux de la 8\u00e8me \u00e9dition du Salon International des banques, de l\u2019assurance et des services financiers \u00ab Expo Finances \u00bb, qui se tiendra du 13 au 15 f\u00e9vrier au centre des Expositions Tunis \u2013 La Charguia. En pr\u00e9vision de ce salon, une [&hellip;]<\/p>\n","protected":false},"author":1772,"featured_media":0,"comment_status":"closed","ping_status":"closed","sticky":false,"template":"","format":"standard","meta":{"fifu_image_url":"","fifu_image_alt":"","footnotes":""},"categories":[73,55],"tags":[],"class_list":["post-75369","post","type-post","status-publish","format-standard","hentry","category-actualite","category-tunisie"],"_links":{"self":[{"href":"https:\/\/linitiative.ca\/International\/wp-json\/wp\/v2\/posts\/75369","targetHints":{"allow":["GET"]}}],"collection":[{"href":"https:\/\/linitiative.ca\/International\/wp-json\/wp\/v2\/posts"}],"about":[{"href":"https:\/\/linitiative.ca\/International\/wp-json\/wp\/v2\/types\/post"}],"author":[{"embeddable":true,"href":"https:\/\/linitiative.ca\/International\/wp-json\/wp\/v2\/users\/1772"}],"replies":[{"embeddable":true,"href":"https:\/\/linitiative.ca\/International\/wp-json\/wp\/v2\/comments?post=75369"}],"version-history":[{"count":0,"href":"https:\/\/linitiative.ca\/International\/wp-json\/wp\/v2\/posts\/75369\/revisions"}],"wp:attachment":[{"href":"https:\/\/linitiative.ca\/International\/wp-json\/wp\/v2\/media?parent=75369"}],"wp:term":[{"taxonomy":"category","embeddable":true,"href":"https:\/\/linitiative.ca\/International\/wp-json\/wp\/v2\/categories?post=75369"},{"taxonomy":"post_tag","embeddable":true,"href":"https:\/\/linitiative.ca\/International\/wp-json\/wp\/v2\/tags?post=75369"}],"curies":[{"name":"wp","href":"https:\/\/api.w.org\/{rel}","templated":true}]}}