{"id":75378,"date":"2020-02-06T13:14:29","date_gmt":"2020-02-06T18:14:29","guid":{"rendered":"https:\/\/linitiative.ca\/International\/sm-le-roi-inaugure-la-cite-de-linnovation-souss-massa\/"},"modified":"2020-02-06T13:14:29","modified_gmt":"2020-02-06T18:14:29","slug":"sm-le-roi-inaugure-la-cite-de-linnovation-souss-massa","status":"publish","type":"post","link":"https:\/\/linitiative.ca\/International\/sm-le-roi-inaugure-la-cite-de-linnovation-souss-massa\/","title":{"rendered":"SM le Roi inaugure la Cit\u00e9 de l\u2019Innovation Souss-Massa"},"content":{"rendered":"<p><strong>La r\u00e9alisation de ce projet pilote a n\u00e9cessit\u00e9 une enveloppe budg\u00e9taire de 42 millions de DH.<\/strong><\/p>\n<div class=\"c10\"\/>\n<p>SM le Roi Mohammed VI a inaugur\u00e9, jeudi \u00e0 Agadir, la Cit\u00e9 de l\u2019Innovation Souss-Massa, une concr\u00e9tisation de la d\u00e9clinaison r\u00e9gionale du Plan d\u2019acc\u00e9l\u00e9ration industrielle lanc\u00e9e par le Souverain le 28 janvier 2018.<\/p>\n<p>Situ\u00e9e dans l\u2019enceinte de l\u2019Universit\u00e9 Ibn Zohr, la Cit\u00e9 de l\u2019Innovation Souss-Massa permet de doter la R\u00e9gion d\u2019une infrastructure d\u2019accueil technologique, favorisant l\u2019entrepreneuriat et la cr\u00e9ation de startups innovantes \u00e0 travers le processus d\u2019incubation, la valorisation des r\u00e9sultats de la recherche scientifique au profit des secteurs \u00e9conomiques et des \u00e9cosyst\u00e8mes industriels de la R\u00e9gion et le transfert technologique et le rapprochement entre les entreprises et les structures de R&#038;D.<\/p>\n<p>Ce projet pilote, dont la r\u00e9alisation a n\u00e9cessit\u00e9 une enveloppe budg\u00e9taire de 42 millions de DH, dispose d\u2019un incubateur d\u2019entreprises et de startups innovantes, d\u2019un Centre de Recherche et de d\u00e9veloppement abritant des laboratoires d\u2019\u00abIdentification et analyse des entit\u00e9s naturelles\u00bb, \u00abBiotechnologie et sant\u00e9\u00bb, \u00abAnalyse des r\u00e9sidus\u00bb, \u00abChangement climatique et d\u00e9veloppement durable\u00bb, \u00abEaux, \u00e9nergie et \u00e9nergies renouvelables\u00bb et \u00abIndustrie LAB\u00bb.<\/p>\n<p>On y trouve \u00e9galement des salles de r\u00e9unions, de conf\u00e9rences, d\u2019informatique et de formation, un espace co-working, et un autre de documentation, ainsi que d\u2019un guichet unique facilitant les d\u00e9marches administratives pour les entreprises.<\/p>\n<p>Dot\u00e9e d\u2019\u00e9quipements de nouvelle g\u00e9n\u00e9ration, cette Cit\u00e9 a enregistr\u00e9 l\u2019installation de vingt structures, dont 14 startups, trois clusters (Agadir Haliop\u00f4le, Agrotech, Logip\u00f4le) et trois structures d\u2019accompagnement (R\u00e9seau Entreprendre-Agadir, Associations initiatives Souss-Massa et X-HUB).<\/p>\n<div class=\"c17\">\n<fieldset class=\"c16\">\n<legend><strong><span class=\"c11\">Challenge<\/span><span class=\"c12\">news<\/span><\/strong><\/legend>\n<div class=\"c15\">Le meilleur de Challenge s\u00e9lectionn\u00e9 par la r\u00e9daction :<\/p>\n<\/div>\n<\/fieldset>\n<\/div>\n<p>Auteur: challenge<br \/>\n<a href=\"https:\/\/www.challenge.ma\/sm-le-roi-inaugure-la-cite-de-linnovation-souss-massa-129614\/\">Cliquez ici pour lire l&rsquo;article depuis sa source.<\/a><\/p>\n","protected":false},"excerpt":{"rendered":"<p>La r\u00e9alisation de ce projet pilote a n\u00e9cessit\u00e9 une enveloppe budg\u00e9taire de 42 millions de DH. SM le Roi Mohammed VI a inaugur\u00e9, jeudi \u00e0 Agadir, la Cit\u00e9 de l\u2019Innovation Souss-Massa, une concr\u00e9tisation de la d\u00e9clinaison r\u00e9gionale du Plan d\u2019acc\u00e9l\u00e9ration industrielle lanc\u00e9e par le Souverain le 28 janvier 2018. Situ\u00e9e dans l\u2019enceinte de l\u2019Universit\u00e9 Ibn [&hellip;]<\/p>\n","protected":false},"author":1787,"featured_media":0,"comment_status":"closed","ping_status":"closed","sticky":false,"template":"","format":"standard","meta":{"fifu_image_url":"","fifu_image_alt":"","footnotes":""},"categories":[78,54],"tags":[],"class_list":["post-75378","post","type-post","status-publish","format-standard","hentry","category-economie","category-maroc"],"_links":{"self":[{"href":"https:\/\/linitiative.ca\/International\/wp-json\/wp\/v2\/posts\/75378","targetHints":{"allow":["GET"]}}],"collection":[{"href":"https:\/\/linitiative.ca\/International\/wp-json\/wp\/v2\/posts"}],"about":[{"href":"https:\/\/linitiative.ca\/International\/wp-json\/wp\/v2\/types\/post"}],"author":[{"embeddable":true,"href":"https:\/\/linitiative.ca\/International\/wp-json\/wp\/v2\/users\/1787"}],"replies":[{"embeddable":true,"href":"https:\/\/linitiative.ca\/International\/wp-json\/wp\/v2\/comments?post=75378"}],"version-history":[{"count":0,"href":"https:\/\/linitiative.ca\/International\/wp-json\/wp\/v2\/posts\/75378\/revisions"}],"wp:attachment":[{"href":"https:\/\/linitiative.ca\/International\/wp-json\/wp\/v2\/media?parent=75378"}],"wp:term":[{"taxonomy":"category","embeddable":true,"href":"https:\/\/linitiative.ca\/International\/wp-json\/wp\/v2\/categories?post=75378"},{"taxonomy":"post_tag","embeddable":true,"href":"https:\/\/linitiative.ca\/International\/wp-json\/wp\/v2\/tags?post=75378"}],"curies":[{"name":"wp","href":"https:\/\/api.w.org\/{rel}","templated":true}]}}