{"id":75379,"date":"2020-02-06T15:00:57","date_gmt":"2020-02-06T20:00:57","guid":{"rendered":"https:\/\/linitiative.ca\/International\/tunisie-abir-moussi-decline-linvitation-delyes-fakhfekh\/"},"modified":"2020-02-06T15:00:57","modified_gmt":"2020-02-06T20:00:57","slug":"tunisie-abir-moussi-decline-linvitation-delyes-fakhfekh","status":"publish","type":"post","link":"https:\/\/linitiative.ca\/International\/tunisie-abir-moussi-decline-linvitation-delyes-fakhfekh\/","title":{"rendered":"Tunisie : Abir Moussi d\u00e9cline l\u2019invitation d\u2019Elyes Fakhfekh"},"content":{"rendered":"<div class=\"post-cont-in left relative\">\n<p><a href=\"https:\/\/www.tunisienumerique.com\/tunisie-actualite\/abir-moussi\/\" title=\"Abir Moussi\" target=\"_top\" class=\"auto-link\" rel=\"noopener noreferrer\">Abir Moussi<\/a>, pr\u00e9sidente du Parti Destourien Libre (PDL), a d\u00e9clin\u00e9 <a href=\"https:\/\/www.tunisienumerique.com\/tunisie-fakhfakh-recevra-demain-matin-9alb-tounes-et-le-pdl-en-tant-que-partis-de-lopposition\/\" target=\"_blank\" rel=\"noopener noreferrer\">l\u2019invitation du chef du gouvernement d\u00e9sign\u00e9, Elyes Fakhfakh<\/a>.<\/p>\n<div class=\"code-block code-block-1 c3\"><ins class=\"adsbygoogle c2\" data-ad-layout=\"in-article\" data-ad-format=\"fluid\" data-ad-client=\"ca-pub-2102118777505746\" data-ad-slot=\"7301775417\"\/> <\/div>\n<p>Elle avait d\u00e9j\u00e0 refus\u00e9 l\u2019invitation de Habib Jomli\u00a0 \u00e0 participer aux concertations pour former un gouvernement.<\/p>\n<p>Abir Moussi a d\u00e9clar\u00e9 \u00e0 plusieurs reprises qu\u2019elle ne\u00a0fera pas partie\u00a0d\u2019une \u00e9quipe comprenant le mouvement <a href=\"https:\/\/www.tunisienumerique.com\/tunisie-actualite\/ennahdha\/\" title=\"Ennahdha\" target=\"_top\" class=\"auto-link\" rel=\"noopener noreferrer\">Ennahdha<\/a>.<\/p>\n<div class=\"swp_social_panel swp_horizontal_panel swp_flat_fresh swp_default_full_color swp_individual_full_color swp_other_full_color scale-100 scale-\" data-min-width=\"1100\" data-float-color=\"#ffffff\" data-float=\"bottom\" data-float-mobile=\"bottom\" data-transition=\"slide\">\n<div class=\"nc_tweetContainer swp_share_button total_shares total_sharesalt\"><span class=\"swp_count\">8 <span class=\"swp_label\">Partages<\/span><\/span><\/div>\n<\/div>\n<p><strong>Que se passe-t-il en Tunisie?<\/strong><br \/>Nous expliquons sur notre <a href=\"https:\/\/www.youtube.com\/channel\/UCRzypVq0B_yBad5eGrwBx0Q?sub_confirmation=1\" target=\"_blank\" rel=\"noopener noreferrer\">cha\u00eene YouTube<\/a> . <a href=\"https:\/\/www.youtube.com\/channel\/UCRzypVq0B_yBad5eGrwBx0Q?sub_confirmation=1\" target=\"_blank\" rel=\"noopener noreferrer\">Abonnez-vous!<\/a><\/p>\n<div class=\"mvp-org-wrap mvp-org-logo\" itemprop=\"publisher\" itemscope=\"\" itemtype=\"https:\/\/schema.org\/Organization\"><img decoding=\"async\" src=\"https:\/\/www.tunisienumerique.com\/wp-content\/uploads\/2017\/02\/logo_tunisie_numerique.png\"\/><\/div>\n<div class=\"mvp-related-posts left relative\">\n<h4 class=\"post-header\"><span class=\"post-header\">Lire aussi<\/span><\/h4>\n<\/div>\n<\/div>\n<p>Auteur: balkis<br \/>\n<a href=\"https:\/\/www.tunisienumerique.com\/abir-moussi-decline-linvitation-delyes-fakhfekh\/\">Cliquez ici pour lire l&rsquo;article depuis sa source.<\/a><\/p>\n","protected":false},"excerpt":{"rendered":"<p>Abir Moussi, pr\u00e9sidente du Parti Destourien Libre (PDL), a d\u00e9clin\u00e9 l\u2019invitation du chef du gouvernement d\u00e9sign\u00e9, Elyes Fakhfakh. Elle avait d\u00e9j\u00e0 refus\u00e9 l\u2019invitation de Habib Jomli\u00a0 \u00e0 participer aux concertations pour former un gouvernement. Abir Moussi a d\u00e9clar\u00e9 \u00e0 plusieurs reprises qu\u2019elle ne\u00a0fera pas partie\u00a0d\u2019une \u00e9quipe comprenant le mouvement Ennahdha. 8 Partages Que se passe-t-il [&hellip;]<\/p>\n","protected":false},"author":1789,"featured_media":75380,"comment_status":"closed","ping_status":"closed","sticky":false,"template":"","format":"standard","meta":{"fifu_image_url":"","fifu_image_alt":"","footnotes":""},"categories":[73,55],"tags":[],"class_list":["post-75379","post","type-post","status-publish","format-standard","has-post-thumbnail","hentry","category-actualite","category-tunisie"],"_links":{"self":[{"href":"https:\/\/linitiative.ca\/International\/wp-json\/wp\/v2\/posts\/75379","targetHints":{"allow":["GET"]}}],"collection":[{"href":"https:\/\/linitiative.ca\/International\/wp-json\/wp\/v2\/posts"}],"about":[{"href":"https:\/\/linitiative.ca\/International\/wp-json\/wp\/v2\/types\/post"}],"author":[{"embeddable":true,"href":"https:\/\/linitiative.ca\/International\/wp-json\/wp\/v2\/users\/1789"}],"replies":[{"embeddable":true,"href":"https:\/\/linitiative.ca\/International\/wp-json\/wp\/v2\/comments?post=75379"}],"version-history":[{"count":0,"href":"https:\/\/linitiative.ca\/International\/wp-json\/wp\/v2\/posts\/75379\/revisions"}],"wp:featuredmedia":[{"embeddable":true,"href":"https:\/\/linitiative.ca\/International\/wp-json\/"}],"wp:attachment":[{"href":"https:\/\/linitiative.ca\/International\/wp-json\/wp\/v2\/media?parent=75379"}],"wp:term":[{"taxonomy":"category","embeddable":true,"href":"https:\/\/linitiative.ca\/International\/wp-json\/wp\/v2\/categories?post=75379"},{"taxonomy":"post_tag","embeddable":true,"href":"https:\/\/linitiative.ca\/International\/wp-json\/wp\/v2\/tags?post=75379"}],"curies":[{"name":"wp","href":"https:\/\/api.w.org\/{rel}","templated":true}]}}