{"id":75389,"date":"2020-02-06T15:09:18","date_gmt":"2020-02-06T20:09:18","guid":{"rendered":"https:\/\/linitiative.ca\/International\/sortie-mediatique-de-djibrill-bassole\/"},"modified":"2020-02-06T15:09:18","modified_gmt":"2020-02-06T20:09:18","slug":"sortie-mediatique-de-djibrill-bassole","status":"publish","type":"post","link":"https:\/\/linitiative.ca\/International\/sortie-mediatique-de-djibrill-bassole\/","title":{"rendered":"SORTIE MEDIATIQUE DE DJIBRILL BASSOLE"},"content":{"rendered":"<div class=\"stream-item stream-item-above-post-content\">\n<p><noscript><\/p>\n<p><a href=\"\/\/www3.smartadserver.com\/ac?jump=1&#038;nwid=2136&#038;siteid=240610&#038;pgname=rg&#038;fmtid=49046&#038;visit=m&#038;tmstp=[timestamp]&#038;out=nonrich\" target=\"_blank\" rel=\"noopener noreferrer\"><img decoding=\"async\" src=\"\/\/www3.smartadserver.com\/ac?out=nonrich&#038;nwid=2136&#038;siteid=240610&#038;pgname=rg&#038;fmtid=49046&#038;visit=m&#038;tmstp=[timestamp]\" border=\"0\" alt=\"\"\/><\/a><\/p>\n<p><\/noscript><\/div>\n<p class=\"c3\"><em>La semaine derni\u00e8re, j\u2019avais applaudi \u00e0 tout rompre, lorsque j\u2019ai appris qu\u2019apr\u00e8s moult tractations, l\u2019ex- ministre des Affaires \u00e9trang\u00e8res, Djibrill Bassol\u00e9, condamn\u00e9 \u00e0 10 ans de prison ferme, dans l\u2019affaire du putsch manqu\u00e9 de septembre 2015, a \u00e9t\u00e9 \u00e9vacu\u00e9 en France pour des soins m\u00e9dicaux. Et je sais que je n\u2019\u00e9tais pas le seul \u00e0 saluer l\u2019acte. Car, nombreux sont les Burkinab\u00e8 que j\u2019ai rencontr\u00e9s qui, clairement, ont exprim\u00e9 leur soulagement. Tous reconnaissent unanimement que le pouvoir a fait preuve d\u2019humanisme\u00a0; tant la derni\u00e8re image du G\u00e9n\u00e9ral qui a circul\u00e9 sur les r\u00e9seaux sociaux, \u00e9tait suffisamment \u00e9loquente. Le souhait donc de tous les Burkinab\u00e8 est que Bassol\u00e9 recouvre au plus vite la sant\u00e9 et qu\u2019il revienne purger sa peine\u00a0; histoire de prouver \u00e0 ses contempteurs qu\u2019il ne cherchait aucunement \u00e0 se soustraire de la Justice. Mais \u00e0 la surprise g\u00e9n\u00e9rale, celui dont on dit qu\u2019il \u00e9tait \u00e0 l\u2019article de la mort, s\u2019est r\u00e9pandu dans la presse, sit\u00f4t apr\u00e8s son arriv\u00e9e en France. En effet, arriv\u00e9 le 29 janvier dans la capitale fran\u00e7aise, Basssol\u00e9 avait rendez-vous le m\u00eame jour avec son m\u00e9decin. Et d\u00e8s le lendemain, 30 janvier, il a accord\u00e9 un long entretien au journal le Financial Afrik. Loin de moi l\u2019id\u00e9e de d\u00e9nier le droit \u00e0 la parole au G\u00e9n\u00e9ral Bassol\u00e9. Mais j\u2019ai envie de dire que le moment choisi pour faire cette sortie m\u00e9diatique, \u00e9tait inopportun. J\u2019ai m\u00eame envie de dire que, par cette mani\u00e8re de faire, Bassol\u00e9 met mal \u00e0 l\u2019aise bien des gens qui avaient plaid\u00e9 pour qu\u2019il soit \u00e9vacu\u00e9. Et l\u00e0, je sais de quoi je parle. Car, j\u2019ai entendu des Burkinab\u00e8 exprimer leur \u00e9tonnement de voir que quelqu\u2019un qui \u00e9tait suppos\u00e9 \u00eatre intern\u00e9 dans une clinique avec, \u00e0 ses bons soins, un m\u00e9decin traitant, ait l\u2019\u00e9nergie n\u00e9cessaire pour accorder une interview. Franchement, \u00e0 mon avis, ce fut une v\u00e9ritable erreur de communication. Le moment \u00e9tait tr\u00e8s mal choisi.<\/em><\/p>\n<p class=\"c3\"><em><strong>Bassol\u00e9 s\u00e8me le doute dans l\u2019esprit de beaucoup de Burkinab\u00e8 qui se demandent s\u2019ils n\u2019ont pas \u00e9t\u00e9 trahis<\/strong><\/em><\/p>\n<p class=\"c3\"><em>Il aurait fallu au moins attendre un peu de temps apr\u00e8s son arriv\u00e9e en France pour s\u2019exprimer. Mais en choisissant de le faire, vingt quatre heures seulement apr\u00e8s son \u00e9vacuation, Bassol\u00e9 s\u00e8me le doute dans l\u2019esprit de beaucoup de Burkinab\u00e8 qui l\u2019ont soutenu et qui se surprennent en train de se demander s\u2019ils n\u2019ont pas \u00e9t\u00e9 trahis. Et ils n\u2019ont pas tort de penser ainsi, surtout que j\u2019entends dire qu\u2019en plus de la maladie dont il souffre, le G\u00e9n\u00e9ral avait fait le choix de ne pas s\u2019alimenter\u00a0; toute chose qui fait que ses derni\u00e8res images publi\u00e9es sur la toile, le pr\u00e9sentent tr\u00e8s amaigri. Voyez-vous\u00a0? Les hommes politiques sont ainsi faits qu\u2019ils sont difficiles \u00e0 comprendre. Tant et si bien que je ne conseille \u00e0 personne de donner sa t\u00eate \u00e0 couper pour ces gens-l\u00e0 qui excellent dans les calculs. En tout cas, moi je prends Bassol\u00e9 au mot. Je verrai, comme il le promet, une fois la sant\u00e9 recouvr\u00e9e, s\u2019il acceptera de \u00ab\u00a0se mettre r\u00e9solument \u00e0 la disposition de son pays\u00bb ou s\u2019il profitera de son s\u00e9jour en France pour demander l\u2019asile politique, comme certains lui en pr\u00eatent l\u2019intention. On attend donc de voir. Les jours \u00e0 venir nous en diront davantage. Mais en attendant, je souhaite prompt r\u00e9tablissement \u00e0 l\u2019ex- ministre des Affaires \u00e9trang\u00e8res. Je souhaite que ce dernier dont on sait que le carnet d\u2019adresses est bien fourni, contribue, comme il le peut, au retour de la paix dans notre pays. C\u2019est ce que moi, j\u2019attends de lui car je le sais capable parce que plein de ressources.<\/em><\/p>\n<p><strong>\u00ab\u00a0Le Fou\u00a0\u00bb<\/strong><\/p>\n<p>Auteur: Le Pays<br \/>\n<a href=\"http:\/\/lepays.bf\/sortie-mediatique-de-djibrill-bassole\/\">Cliquez ici pour lire l&rsquo;article depuis sa source.<\/a><\/p>\n","protected":false},"excerpt":{"rendered":"<p>La semaine derni\u00e8re, j\u2019avais applaudi \u00e0 tout rompre, lorsque j\u2019ai appris qu\u2019apr\u00e8s moult tractations, l\u2019ex- ministre des Affaires \u00e9trang\u00e8res, Djibrill Bassol\u00e9, condamn\u00e9 \u00e0 10 ans de prison ferme, dans l\u2019affaire du putsch manqu\u00e9 de septembre 2015, a \u00e9t\u00e9 \u00e9vacu\u00e9 en France pour des soins m\u00e9dicaux. Et je sais que je n\u2019\u00e9tais pas le seul \u00e0 [&hellip;]<\/p>\n","protected":false},"author":1813,"featured_media":0,"comment_status":"closed","ping_status":"closed","sticky":false,"template":"","format":"standard","meta":{"fifu_image_url":"","fifu_image_alt":"","footnotes":""},"categories":[73,81],"tags":[],"class_list":["post-75389","post","type-post","status-publish","format-standard","hentry","category-actualite","category-burkina-faso"],"_links":{"self":[{"href":"https:\/\/linitiative.ca\/International\/wp-json\/wp\/v2\/posts\/75389","targetHints":{"allow":["GET"]}}],"collection":[{"href":"https:\/\/linitiative.ca\/International\/wp-json\/wp\/v2\/posts"}],"about":[{"href":"https:\/\/linitiative.ca\/International\/wp-json\/wp\/v2\/types\/post"}],"author":[{"embeddable":true,"href":"https:\/\/linitiative.ca\/International\/wp-json\/wp\/v2\/users\/1813"}],"replies":[{"embeddable":true,"href":"https:\/\/linitiative.ca\/International\/wp-json\/wp\/v2\/comments?post=75389"}],"version-history":[{"count":0,"href":"https:\/\/linitiative.ca\/International\/wp-json\/wp\/v2\/posts\/75389\/revisions"}],"wp:attachment":[{"href":"https:\/\/linitiative.ca\/International\/wp-json\/wp\/v2\/media?parent=75389"}],"wp:term":[{"taxonomy":"category","embeddable":true,"href":"https:\/\/linitiative.ca\/International\/wp-json\/wp\/v2\/categories?post=75389"},{"taxonomy":"post_tag","embeddable":true,"href":"https:\/\/linitiative.ca\/International\/wp-json\/wp\/v2\/tags?post=75389"}],"curies":[{"name":"wp","href":"https:\/\/api.w.org\/{rel}","templated":true}]}}