{"id":75390,"date":"2020-02-06T15:13:34","date_gmt":"2020-02-06T20:13:34","guid":{"rendered":"https:\/\/linitiative.ca\/International\/visite-du-premier-ministre-belge-en-rdc\/"},"modified":"2020-02-06T15:13:34","modified_gmt":"2020-02-06T20:13:34","slug":"visite-du-premier-ministre-belge-en-rdc","status":"publish","type":"post","link":"https:\/\/linitiative.ca\/International\/visite-du-premier-ministre-belge-en-rdc\/","title":{"rendered":"VISITE DU PREMIER MINISTRE BELGE EN RDC"},"content":{"rendered":"<div class=\"stream-item stream-item-above-post-content\">\n<p><noscript><\/p>\n<p><a href=\"\/\/www3.smartadserver.com\/ac?jump=1&#038;nwid=2136&#038;siteid=240610&#038;pgname=rg&#038;fmtid=49046&#038;visit=m&#038;tmstp=[timestamp]&#038;out=nonrich\" target=\"_blank\" rel=\"noopener noreferrer\"><img decoding=\"async\" src=\"\/\/www3.smartadserver.com\/ac?out=nonrich&#038;nwid=2136&#038;siteid=240610&#038;pgname=rg&#038;fmtid=49046&#038;visit=m&#038;tmstp=[timestamp]\" border=\"0\" alt=\"\"\/><\/a><\/p>\n<p><\/noscript><\/div>\n<p class=\"c3\"><em>A couteaux tir\u00e9s avec le r\u00e9gime de l\u2019ex-pr\u00e9sident Joseph Kabila\u00a0, \u00e0 la suite des tensions pr\u00e9\u00e9lectorales cons\u00e9cutives \u00e0 la volont\u00e9 de l\u2019ex-homme fort de Kinshasa de se maintenir au pouvoir apr\u00e8s ses deux mandats constitutionnels, Bruxelles, \u00e0 la faveur de l\u2019alternance politique intervenue au sommet de l\u2019Etat congolais au sortir de la pr\u00e9sidentielle de d\u00e9cembre 2018, s\u2019est montr\u00e9e dispos\u00e9e \u00e0 renouer ses relations de coop\u00e9ration avec Kinshasa. C\u2019est dans le cadre du r\u00e9chauffement de ces relations diplomatiques que la Premi\u00e8re ministre belge, Sophie Wilm\u00e8s, \u00e0 la t\u00eate d\u2019une forte d\u00e9l\u00e9gation, a entrepris, le 5 f\u00e9vrier dernier, une visite officielle de trois jours qui la conduira, outre la capitale congolaise, \u00e0 Lubumbashi o\u00f9 est pr\u00e9vue la r\u00e9ouverture du Consulat de la Belgique dans le chef-lieu de la province du Haut-Katanga, apr\u00e8s deux ans de fermeture li\u00e9e \u00e0 la crise \u00e9lectorale qui a brouill\u00e9 les relations entre les deux pays. Pour une victoire diplomatique, c\u2019en est une pour le pr\u00e9sident F\u00e9lix Tshis\u00e9k\u00e9di qui, un an seulement apr\u00e8s son accession au pouvoir, a r\u00e9ussi \u00e0 r\u00e9tablir la confiance de son pays avec l\u2019ancienne puissance coloniale.<\/em><\/p>\n<p class=\"c3\"><strong><em>En tournant la page des relations orageuses de son pays avec la capitale europ\u00e9enne, le nouveau pr\u00e9sident congolais se dote d\u2019un partenaire strat\u00e9gique<\/em><\/strong><\/p>\n<p class=\"c3\"><em>Cela est d\u2019autant vrai que c\u2019est la premi\u00e8re fois, depuis pr\u00e8s de dix ans, qu\u2019un chef du gouvernement belge se rend \u00e0 Kinshasa. Mais, en tournant la page des relations orageuses de son pays avec la capitale europ\u00e9enne, le nouveau pr\u00e9sident congolais dont tout porte \u00e0 croire qu\u2019il cherche \u00e0 sortir de l\u2019ombre de son pr\u00e9d\u00e9cesseur devenu, par la force des choses, son alli\u00e9 de circonstance et \u00e0 s\u2019affranchir de sa tutelle plut\u00f4t \u00e9touffante, se dote d\u2019un partenaire strat\u00e9gique qui peut se r\u00e9v\u00e9ler aussi un soutien de poids dans ses efforts de redressement de son pays. Et cela est d\u2019autant plus vrai qu\u2019en faisant le d\u00e9placement de Kinshasa, la cheffe de l\u2019Ex\u00e9cutif belge qui inscrit sa visite dans la dynamique d\u2019un partenariat gagnant-gagnant et de confiance, n\u2019est pas venue les mains vides. Deux tonnes de mat\u00e9riel humanitaire ont suivi la d\u00e9l\u00e9gation bruxelloise, pour la circonstance. Un geste qui vaudra certainement son pesant \u2026 de soulagement pour ces populations victimes de violences au quotidien . C\u2019est dire toute la disposition des autorit\u00e9s belges \u00e0 accompagner les nouvelles autorit\u00e9s de Kinshasa. Et cela est un bon point pour Tshis\u00e9k\u00e9di fils, quand on sait ce que vaut, aujourd\u2019hui encore, le soutien de bien des capitales europ\u00e9ennes aux dirigeants africains.\u00a0<\/em> <em>Cela dit, si cette normalisation des relations diplomatiques entre la Belgique et la RDC peut sonner comme un camouflet pour Joseph Kabila, le souhait est qu\u2019au-del\u00e0 des dividendes politiques que le pr\u00e9sident Tshis\u00e9k\u00e9di pourrait l\u00e9gitimement en tirer, la reprise de ces relations de coop\u00e9ration puisse pleinement profiter au peuple congolais. Car, les hommes politiques passent, les nations demeurent.<\/em><\/p>\n<p><em><strong>La reprise de ces relations diplomatiques est une aubaine qui pourrait marquer un nouveau d\u00e9part entre les deux pays<\/strong><\/em><\/p>\n<p class=\"c3\"><em>D\u00e9j\u00e0, la reprise des activit\u00e9s du consulat belge de Lubumbashi qui recevait, avant sa fermeture en f\u00e9vrier 2018, annuellement pr\u00e8s de 2000 demandes de visas pour l\u2019Europe, se pr\u00e9sente comme un soulagement pour de nombreux Congolais pour qui la recherche du pr\u00e9cieux s\u00e9same \u00e9tait devenue un v\u00e9ritable calvaire. Oblig\u00e9s qu\u2019ils \u00e9taient de se d\u00e9placer dans des pays voisins ou de d\u00e9bourser pr\u00e8s de 1000 dollars suppl\u00e9mentaires pour un voyage et un s\u00e9jour \u00e0 Kinshasa, la capitale. Sous cet angle, l\u2019on est port\u00e9 \u00e0 croire que bien plus que de simples formalit\u00e9s politiques et diplomatiques, la reprise des rapports de coop\u00e9ration entre Kinshasa et Bruxelles \u00e9tait une n\u00e9cessit\u00e9, dans ce pays-continent o\u00f9 outre la question de la relance \u00e9conomique, la probl\u00e9matique s\u00e9curitaire reste aussi un d\u00e9fi permanent pour les autorit\u00e9s centrales. Et en la mati\u00e8re, il y a des raisons de croire que la Belgique, qui a toujours eu des relations privil\u00e9gi\u00e9es avec la RDC, pourra \u00eatre d\u2019un soutien consid\u00e9rable pour son ancienne colonie. C\u2019est dire si la reprise de ces relations diplomatiques, au moment o\u00f9 la RDC, visiblement \u00e0 la recherche d\u2019un second souffle, amorce la deuxi\u00e8me ann\u00e9e de l\u2019\u00e8re Tshis\u00e9k\u00e9di, est une aubaine qui pourrait marquer un nouveau d\u00e9part entre les deux pays. Car, in fine, c\u2019est la coop\u00e9ration dans bien des domaines qui sera relanc\u00e9e. Et Dieu seul sait si au sortir de l\u2019\u00e8re Kabila, la RDC en avait besoin.<\/em><\/p>\n<p class=\"c3\"><em><strong>\u00ab\u00a0Le Pays\u00a0\u00bb<\/strong><\/em><\/p>\n<p>Auteur: Le Pays<br \/>\n<a href=\"http:\/\/lepays.bf\/visite-du-premier-ministre-belge-en-rdc\/\">Cliquez ici pour lire l&rsquo;article depuis sa source.<\/a><\/p>\n","protected":false},"excerpt":{"rendered":"<p>A couteaux tir\u00e9s avec le r\u00e9gime de l\u2019ex-pr\u00e9sident Joseph Kabila\u00a0, \u00e0 la suite des tensions pr\u00e9\u00e9lectorales cons\u00e9cutives \u00e0 la volont\u00e9 de l\u2019ex-homme fort de Kinshasa de se maintenir au pouvoir apr\u00e8s ses deux mandats constitutionnels, Bruxelles, \u00e0 la faveur de l\u2019alternance politique intervenue au sommet de l\u2019Etat congolais au sortir de la pr\u00e9sidentielle de d\u00e9cembre [&hellip;]<\/p>\n","protected":false},"author":1813,"featured_media":0,"comment_status":"closed","ping_status":"closed","sticky":false,"template":"","format":"standard","meta":{"fifu_image_url":"","fifu_image_alt":"","footnotes":""},"categories":[73,81],"tags":[],"class_list":["post-75390","post","type-post","status-publish","format-standard","hentry","category-actualite","category-burkina-faso"],"_links":{"self":[{"href":"https:\/\/linitiative.ca\/International\/wp-json\/wp\/v2\/posts\/75390","targetHints":{"allow":["GET"]}}],"collection":[{"href":"https:\/\/linitiative.ca\/International\/wp-json\/wp\/v2\/posts"}],"about":[{"href":"https:\/\/linitiative.ca\/International\/wp-json\/wp\/v2\/types\/post"}],"author":[{"embeddable":true,"href":"https:\/\/linitiative.ca\/International\/wp-json\/wp\/v2\/users\/1813"}],"replies":[{"embeddable":true,"href":"https:\/\/linitiative.ca\/International\/wp-json\/wp\/v2\/comments?post=75390"}],"version-history":[{"count":0,"href":"https:\/\/linitiative.ca\/International\/wp-json\/wp\/v2\/posts\/75390\/revisions"}],"wp:attachment":[{"href":"https:\/\/linitiative.ca\/International\/wp-json\/wp\/v2\/media?parent=75390"}],"wp:term":[{"taxonomy":"category","embeddable":true,"href":"https:\/\/linitiative.ca\/International\/wp-json\/wp\/v2\/categories?post=75390"},{"taxonomy":"post_tag","embeddable":true,"href":"https:\/\/linitiative.ca\/International\/wp-json\/wp\/v2\/tags?post=75390"}],"curies":[{"name":"wp","href":"https:\/\/api.w.org\/{rel}","templated":true}]}}