{"id":75392,"date":"2020-02-06T15:20:20","date_gmt":"2020-02-06T20:20:20","guid":{"rendered":"https:\/\/linitiative.ca\/International\/demande-de-liberte-inconditionnelle-de-gbagbo-et-ble-goude\/"},"modified":"2020-02-06T15:20:20","modified_gmt":"2020-02-06T20:20:20","slug":"demande-de-liberte-inconditionnelle-de-gbagbo-et-ble-goude","status":"publish","type":"post","link":"https:\/\/linitiative.ca\/International\/demande-de-liberte-inconditionnelle-de-gbagbo-et-ble-goude\/","title":{"rendered":"DEMANDE DE LIBERTE INCONDITIONNELLE DE GBAGBO ET BLE GOUDE"},"content":{"rendered":"<div class=\"stream-item stream-item-above-post-content\">\n<p><noscript><\/p>\n<p><a href=\"\/\/www3.smartadserver.com\/ac?jump=1&#038;nwid=2136&#038;siteid=240610&#038;pgname=rg&#038;fmtid=49046&#038;visit=m&#038;tmstp=[timestamp]&#038;out=nonrich\" target=\"_blank\" rel=\"noopener noreferrer\"><img decoding=\"async\" src=\"\/\/www3.smartadserver.com\/ac?out=nonrich&#038;nwid=2136&#038;siteid=240610&#038;pgname=rg&#038;fmtid=49046&#038;visit=m&#038;tmstp=[timestamp]\" border=\"0\" alt=\"\"\/><\/a><\/p>\n<p><\/noscript><\/div>\n<p class=\"c3\"><em>L\u2019ancien pr\u00e9sident ivoirien, Laurent Gbagbo et son ex-ministre de la Jeunesse, Charles Bl\u00e9 Goud\u00e9, b\u00e9n\u00e9ficieront-ils d\u2019une remise en libert\u00e9 inconditionnelle, comme ils le souhaitent\u00a0? La d\u00e9cision revient aux juges de la Cour p\u00e9nale internationale (CPI) qui, apr\u00e8s avoir acquitt\u00e9 les deux personnalit\u00e9s en janvier 2019, les avaient n\u00e9anmoins soumises \u00e0 une s\u00e9rie de conditions dont l\u2019interdiction de quitter la ville o\u00f9 ils r\u00e9sident et ce, en attendant que soit tranch\u00e9 l\u2019appel sur le fond, de la procureure Fatou Bensouda. Le moins que l\u2019on puisse dire, c\u2019est que la bataille s\u2019annonce rude\u00a0; en t\u00e9moigne la passe d\u2019armes \u00e0 laquelle l\u2019on a assist\u00e9, hier, entre la d\u00e9fense et la partie civile lors de l\u2019ouverture des audiences qui est intervenue, hier, 6 f\u00e9vrier 2020. En effet, pendant que les avocats de Gbagbo et Bl\u00e9 Goud\u00e9 plaident pour une lib\u00e9ration sans restriction de leurs clients, les conseils de l\u2019Etat ivoirien souhaitent le contraire. Pour ces derniers, \u00ab\u00a0le comportement de M\u00a0. Gbagbo est impr\u00e9visible\u00a0\u00bb et son retour en C\u00f4te d\u2019Ivoire, avec \u00e0 ses c\u00f4t\u00e9s Bl\u00e9 Goud\u00e9, \u00ab\u00a0serait un facteur de grand d\u00e9sordre\u00a0\u00bb. Mais \u00e0 suppos\u00e9 m\u00eame que la Chambre d\u2019appel de la CPI revienne sur sa d\u00e9cision en levant les conditions impos\u00e9es \u00e0 l\u2019ex-pr\u00e9sident ivoirien et son homme-lige, on ne voit pas comment ces deux hommes pourront rentrer en C\u00f4te d\u2019Ivoire.<\/em><\/p>\n<p class=\"c3\"><strong>Le dernier mot revient aux juges de la Chambre d\u2019appel<\/strong><\/p>\n<p class=\"c3\"><em>Car, non seulement ils ne disposent plus de passeports mais aussi ils ont tous \u00e9t\u00e9 condamn\u00e9s par contumace \u00e0 vingt ans de prison par la Justice ivoirienne. C\u2019est dire si le chemin de retour de Bl\u00e9 Goud\u00e9 et son mentor en C\u00f4te d\u2019Ivoire, est encore long et parsem\u00e9 de beaucoup d\u2019emb\u00fbches. Surtout que de son c\u00f4t\u00e9, la parqueti\u00e8re Fatou Bensouda refuse de baisser les bras\u00a0; elle qui demande aux juges de prononcer un non-lieu en lieu et place d\u2019un acquittement des deux ex-pensionnaires de Scheveningen. Car, pour elle, d\u2019un point de vue juridique, l\u2019acquittement met un terme d\u00e9finitif \u00e0 l\u2019affaire alors que le non-lieu ouvre la possibilit\u00e9 d\u2019intenter un nouveau proc\u00e8s contre Laurent Gbagbo et son ancien \u00ab\u00a0ministre de la rue\u00a0\u00bb, ainsi que les Ivoiriens appellent Bl\u00e9 Goud\u00e9. En tout cas, le dernier mot revient aux juges de la Chambre d\u2019appel. S\u2019ils acc\u00e8dent \u00e0 la requ\u00eate de Bensouda, Gbagbo et Bl\u00e9 Goud\u00e9 resteront soumis aux m\u00eames conditions, en attendant le proc\u00e8s en appel du parquet. Or, \u00e0 ce qu\u2019on dit, les audiences ne pourront pas s\u2019ouvrir avant juillet prochain et pourront tra\u00eener en longueur jusqu\u2019au au mois d\u2019octobre, mois de la pr\u00e9sidentielle en C\u00f4te d\u2019Ivoire.<\/em><\/p>\n<p><strong>B.O<\/strong><\/p>\n<p>Auteur: Le Pays<br \/>\n<a href=\"http:\/\/lepays.bf\/demande-de-liberte-inconditionnelle-de-gbagbo-et-ble-goude-2\/\">Cliquez ici pour lire l&rsquo;article depuis sa source.<\/a><\/p>\n","protected":false},"excerpt":{"rendered":"<p>L\u2019ancien pr\u00e9sident ivoirien, Laurent Gbagbo et son ex-ministre de la Jeunesse, Charles Bl\u00e9 Goud\u00e9, b\u00e9n\u00e9ficieront-ils d\u2019une remise en libert\u00e9 inconditionnelle, comme ils le souhaitent\u00a0? La d\u00e9cision revient aux juges de la Cour p\u00e9nale internationale (CPI) qui, apr\u00e8s avoir acquitt\u00e9 les deux personnalit\u00e9s en janvier 2019, les avaient n\u00e9anmoins soumises \u00e0 une s\u00e9rie de conditions dont [&hellip;]<\/p>\n","protected":false},"author":1813,"featured_media":0,"comment_status":"closed","ping_status":"closed","sticky":false,"template":"","format":"standard","meta":{"fifu_image_url":"","fifu_image_alt":"","footnotes":""},"categories":[73,81],"tags":[],"class_list":["post-75392","post","type-post","status-publish","format-standard","hentry","category-actualite","category-burkina-faso"],"_links":{"self":[{"href":"https:\/\/linitiative.ca\/International\/wp-json\/wp\/v2\/posts\/75392","targetHints":{"allow":["GET"]}}],"collection":[{"href":"https:\/\/linitiative.ca\/International\/wp-json\/wp\/v2\/posts"}],"about":[{"href":"https:\/\/linitiative.ca\/International\/wp-json\/wp\/v2\/types\/post"}],"author":[{"embeddable":true,"href":"https:\/\/linitiative.ca\/International\/wp-json\/wp\/v2\/users\/1813"}],"replies":[{"embeddable":true,"href":"https:\/\/linitiative.ca\/International\/wp-json\/wp\/v2\/comments?post=75392"}],"version-history":[{"count":0,"href":"https:\/\/linitiative.ca\/International\/wp-json\/wp\/v2\/posts\/75392\/revisions"}],"wp:attachment":[{"href":"https:\/\/linitiative.ca\/International\/wp-json\/wp\/v2\/media?parent=75392"}],"wp:term":[{"taxonomy":"category","embeddable":true,"href":"https:\/\/linitiative.ca\/International\/wp-json\/wp\/v2\/categories?post=75392"},{"taxonomy":"post_tag","embeddable":true,"href":"https:\/\/linitiative.ca\/International\/wp-json\/wp\/v2\/tags?post=75392"}],"curies":[{"name":"wp","href":"https:\/\/api.w.org\/{rel}","templated":true}]}}