{"id":75415,"date":"2020-02-07T10:37:15","date_gmt":"2020-02-07T15:37:15","guid":{"rendered":"https:\/\/linitiative.ca\/International\/finance-taux-dinteret-directeur-inchange-a-775\/"},"modified":"2020-02-07T10:37:15","modified_gmt":"2020-02-07T15:37:15","slug":"finance-taux-dinteret-directeur-inchange-a-775","status":"publish","type":"post","link":"https:\/\/linitiative.ca\/International\/finance-taux-dinteret-directeur-inchange-a-775\/","title":{"rendered":"Finance : Taux d\u2019int\u00e9r\u00eat directeur inchang\u00e9 \u00e0 7,75%"},"content":{"rendered":"<p>R\u00e9uni jeudi, le Conseil d\u2019administration de la Banque Centrale de Tunisie (BCT) a d\u00e9cid\u00e9 de maintenir inchang\u00e9 le taux d\u2019int\u00e9r\u00eat directeur \u00e0 7,75%.<\/p>\n<p>Lors de cette r\u00e9union p\u00e9riodique, le Conseil de la BCT a mis l\u2019accent sur la n\u00e9cessit\u00e9 de consolider la stabilit\u00e9 du climat politique et social et d\u2019acc\u00e9l\u00e9rer le rythme des r\u00e9formes afin de r\u00e9tablir la confiance des op\u00e9rateurs \u00e9conomiques et promouvoir l\u2019investissement priv\u00e9, int\u00e9rieur et ext\u00e9rieur, en tant que moteur principal de la croissance et de l\u2019emploi.<\/p>\n<p>D\u2019apr\u00e8s le conseil d\u2019administration, une am\u00e9lioration des perspectives de la croissance est pr\u00e9vue au titre de 2020, estimant, qu\u2019une l\u00e9g\u00e8re reprise est attendue pour ce qui est de la demande ext\u00e9rieure, notamment, celle \u00e9manant de la Zone Euro et l\u2019augmentation de la production des hydrocarbures.<\/p>\n<p>S\u2019agissant de l\u2019\u00e9volution des prix, le Conseil a not\u00e9 le recul du taux d\u2019inflation au niveau de 5,9% en glissement annuel en janvier 2020, contre 6,1% en d\u00e9cembre 2019 et 7,1% au cours du m\u00eame mois de l\u2019ann\u00e9e 2018.<\/p>\n<p>Cette \u00e9volution est imputable, principalement, \u00e0 la d\u00e9c\u00e9l\u00e9ration des prix des produits alimentaires (4,4% contre 5,8% un mois auparavant).<\/p>\n<p>S\u2019agissant du secteur ext\u00e9rieur, le Conseil a soulign\u00e9 la r\u00e9gression du d\u00e9ficit courant aux environs de 8,8% du PIB en 2019, contre 11,1% une ann\u00e9e auparavant et ce, \u00e0 la faveur de l\u2019augmentation significative des recettes touristiques et des transferts des tunisiens r\u00e9sidents \u00e0 l\u2019\u00e9tranger, concomitamment avec la d\u00e9c\u00e9l\u00e9ration du rythme d\u2019\u00e9largissement du d\u00e9ficit commercial.<\/p>\n<p>Pour ce qui est des avoirs nets en devises, ils se sont consid\u00e9rablement consolid\u00e9s pour atteindre 19.465 MD ou 111 jours d\u2019importation \u00e0 la fin de 2019, contre 13.974 MD ou 84 jours d\u2019importation au terme de l\u2019ann\u00e9e 2018, tandis que le taux de change du dinar a connu une appr\u00e9ciation par rapport aux principales devises.<\/p>\n<p class=\"dpsp-share-text\">Partager c&rsquo;est aimer!<\/p>\n<div class=\"wp-post-author-wrap wp-post-author-shortcode left\">\n<h3 class=\"awpa-title\"\/>\n<div class=\"wp-post-author\">\n<div class=\"awpa-img awpa-author-block square\"><a href=\"http:\/\/lexpertjournal.net\/fr\/author\/expert\/\"><img loading=\"lazy\" decoding=\"async\" alt=\"\" src=\"http:\/\/0.gravatar.com\/avatar\/c828f0b17d24309f0d01a4eac3747085?s=150&#038;d=mm&#038;r=g\" srcset=\"http:\/\/0.gravatar.com\/avatar\/c828f0b17d24309f0d01a4eac3747085?s=300&#038;d=mm&#038;r=g 2x\" class=\"avatar avatar-150 photo\" height=\"150\" width=\"150\"\/><\/a><\/div>\n<\/div>\n<\/div>\n<p>Auteur: L&rsquo;expert<br \/>\n<a href=\"http:\/\/lexpertjournal.net\/fr\/2020\/02\/07\/finance-taux-dinteret-directeur-inchange-a-775\/\">Cliquez ici pour lire l&rsquo;article depuis sa source.<\/a><\/p>\n","protected":false},"excerpt":{"rendered":"<p>R\u00e9uni jeudi, le Conseil d\u2019administration de la Banque Centrale de Tunisie (BCT) a d\u00e9cid\u00e9 de maintenir inchang\u00e9 le taux d\u2019int\u00e9r\u00eat directeur \u00e0 7,75%. Lors de cette r\u00e9union p\u00e9riodique, le Conseil de la BCT a mis l\u2019accent sur la n\u00e9cessit\u00e9 de consolider la stabilit\u00e9 du climat politique et social et d\u2019acc\u00e9l\u00e9rer le rythme des r\u00e9formes afin [&hellip;]<\/p>\n","protected":false},"author":1775,"featured_media":0,"comment_status":"closed","ping_status":"closed","sticky":false,"template":"","format":"standard","meta":{"fifu_image_url":"","fifu_image_alt":"","footnotes":""},"categories":[78,55],"tags":[],"class_list":["post-75415","post","type-post","status-publish","format-standard","hentry","category-economie","category-tunisie"],"_links":{"self":[{"href":"https:\/\/linitiative.ca\/International\/wp-json\/wp\/v2\/posts\/75415","targetHints":{"allow":["GET"]}}],"collection":[{"href":"https:\/\/linitiative.ca\/International\/wp-json\/wp\/v2\/posts"}],"about":[{"href":"https:\/\/linitiative.ca\/International\/wp-json\/wp\/v2\/types\/post"}],"author":[{"embeddable":true,"href":"https:\/\/linitiative.ca\/International\/wp-json\/wp\/v2\/users\/1775"}],"replies":[{"embeddable":true,"href":"https:\/\/linitiative.ca\/International\/wp-json\/wp\/v2\/comments?post=75415"}],"version-history":[{"count":0,"href":"https:\/\/linitiative.ca\/International\/wp-json\/wp\/v2\/posts\/75415\/revisions"}],"wp:attachment":[{"href":"https:\/\/linitiative.ca\/International\/wp-json\/wp\/v2\/media?parent=75415"}],"wp:term":[{"taxonomy":"category","embeddable":true,"href":"https:\/\/linitiative.ca\/International\/wp-json\/wp\/v2\/categories?post=75415"},{"taxonomy":"post_tag","embeddable":true,"href":"https:\/\/linitiative.ca\/International\/wp-json\/wp\/v2\/tags?post=75415"}],"curies":[{"name":"wp","href":"https:\/\/api.w.org\/{rel}","templated":true}]}}