{"id":75416,"date":"2020-02-07T10:43:24","date_gmt":"2020-02-07T15:43:24","guid":{"rendered":"https:\/\/linitiative.ca\/International\/taxes-sur-les-medicaments-les-entreprises-pharmaceutiques-en-gros-decretent-une-greve-ouverte\/"},"modified":"2020-02-07T10:43:24","modified_gmt":"2020-02-07T15:43:24","slug":"taxes-sur-les-medicaments-les-entreprises-pharmaceutiques-en-gros-decretent-une-greve-ouverte","status":"publish","type":"post","link":"https:\/\/linitiative.ca\/International\/taxes-sur-les-medicaments-les-entreprises-pharmaceutiques-en-gros-decretent-une-greve-ouverte\/","title":{"rendered":"Taxes sur les m\u00e9dicaments : Les entreprises pharmaceutiques en gros d\u00e9cr\u00e8tent une gr\u00e8ve ouverte"},"content":{"rendered":"<p>La Chambre nationale des entreprises pharmaceutiques de distribution des m\u00e9dicaments en gros a invit\u00e9 ses adh\u00e9rents \u00e0 observer une gr\u00e8ve ouverte, \u00e0 partir du jeudi 13 f\u00e9vrier 2020, apr\u00e8s la tenue de son assembl\u00e9e g\u00e9n\u00e9rale extraordinaire mercredi.<\/p>\n<p>L\u2019appel \u00e0 la gr\u00e8ve intervient apr\u00e8s l\u2019entr\u00e9e en vigueur de l\u2019imposition de la TVA sur les m\u00e9dicaments dans le commerce de d\u00e9tail, avec un contr\u00f4le fiscal approfondi sur un certain nombre d\u2019entreprises.<\/p>\n<p>\u00ab Cette mesure entra\u00eenerait la faillite des professionnels du secteur puisque la marge b\u00e9n\u00e9ficiaire brute de ces entreprises est estim\u00e9e \u00e0 8% et que le montant net ne d\u00e9passe pas 0,5%, ce qui est tr\u00e8s d\u00e9risoire, d\u2019autant plus que tous les m\u00e9dicaments sont tarif\u00e9s \u00bb, a d\u00e9clar\u00e9 Ahmed Karray, membre de la Chambre, affili\u00e9e \u00e0 l\u2019Union tunisienne de l\u2019industrie, du commerce et de l\u2019artisanat (UTICA).<\/p>\n<p>Il a ajout\u00e9 que \u00ab cette loi ne comprenait pas de m\u00e9canismes pour la mettre en \u0153uvre, semblable \u00e0 l\u2019\u00e9laboration d\u2019une liste de m\u00e9dicaments soumis \u00e0 la TVA \u00bb.<\/p>\n<p>Karray a indiqu\u00e9 que la Chambre avait contact\u00e9 le minist\u00e8re des Finances, le Minist\u00e8re de la sant\u00e9 et celui du Commerce sans obtenir de r\u00e9ponse de leur part. La Chambre a \u00e9galement appel\u00e9 le gouvernement et le parlement \u00e0 intervenir \u00ab pour r\u00e9parer cette injustice contre les op\u00e9rateurs de ce secteur \u00bb.<\/p>\n<p>L\u2019article 16 de la loi de finances de 2017 reconna\u00eet la poursuite de l\u2019\u00e9largissement du champ de la TVA alors qu\u2019une taxe de 7% sur les ventes au d\u00e9tail de m\u00e9dicaments et de produits pharmaceutiques a \u00e9t\u00e9 approuv\u00e9e dans la loi de finances 2020.<\/p>\n<p>Toutes les entreprises de distribution en gros de m\u00e9dicaments, au nombre d\u2019une soixantaine, r\u00e9parties sur tout le territoire de la r\u00e9publique, sont concern\u00e9es par l\u2019appel \u00e0 la gr\u00e8ve, a soulign\u00e9 Ahmed Karray.<\/p>\n<p class=\"dpsp-share-text\">Partager c&rsquo;est aimer!<\/p>\n<div class=\"wp-post-author-wrap wp-post-author-shortcode left\">\n<h3 class=\"awpa-title\"\/>\n<div class=\"wp-post-author\">\n<div class=\"awpa-img awpa-author-block square\"><a href=\"http:\/\/lexpertjournal.net\/fr\/author\/expert\/\"><img loading=\"lazy\" decoding=\"async\" alt=\"\" src=\"http:\/\/0.gravatar.com\/avatar\/c828f0b17d24309f0d01a4eac3747085?s=150&#038;d=mm&#038;r=g\" srcset=\"http:\/\/0.gravatar.com\/avatar\/c828f0b17d24309f0d01a4eac3747085?s=300&#038;d=mm&#038;r=g 2x\" class=\"avatar avatar-150 photo\" height=\"150\" width=\"150\"\/><\/a><\/div>\n<\/div>\n<\/div>\n<p>Auteur: L&rsquo;expert<br \/>\n<a href=\"http:\/\/lexpertjournal.net\/fr\/2020\/02\/07\/taxes-sur-les-medicaments-les-entreprises-pharmaceutiques-en-gros-decretent-une-greve-ouverte\/\">Cliquez ici pour lire l&rsquo;article depuis sa source.<\/a><\/p>\n","protected":false},"excerpt":{"rendered":"<p>La Chambre nationale des entreprises pharmaceutiques de distribution des m\u00e9dicaments en gros a invit\u00e9 ses adh\u00e9rents \u00e0 observer une gr\u00e8ve ouverte, \u00e0 partir du jeudi 13 f\u00e9vrier 2020, apr\u00e8s la tenue de son assembl\u00e9e g\u00e9n\u00e9rale extraordinaire mercredi. L\u2019appel \u00e0 la gr\u00e8ve intervient apr\u00e8s l\u2019entr\u00e9e en vigueur de l\u2019imposition de la TVA sur les m\u00e9dicaments dans [&hellip;]<\/p>\n","protected":false},"author":1775,"featured_media":0,"comment_status":"closed","ping_status":"closed","sticky":false,"template":"","format":"standard","meta":{"fifu_image_url":"","fifu_image_alt":"","footnotes":""},"categories":[78,55],"tags":[],"class_list":["post-75416","post","type-post","status-publish","format-standard","hentry","category-economie","category-tunisie"],"_links":{"self":[{"href":"https:\/\/linitiative.ca\/International\/wp-json\/wp\/v2\/posts\/75416","targetHints":{"allow":["GET"]}}],"collection":[{"href":"https:\/\/linitiative.ca\/International\/wp-json\/wp\/v2\/posts"}],"about":[{"href":"https:\/\/linitiative.ca\/International\/wp-json\/wp\/v2\/types\/post"}],"author":[{"embeddable":true,"href":"https:\/\/linitiative.ca\/International\/wp-json\/wp\/v2\/users\/1775"}],"replies":[{"embeddable":true,"href":"https:\/\/linitiative.ca\/International\/wp-json\/wp\/v2\/comments?post=75416"}],"version-history":[{"count":0,"href":"https:\/\/linitiative.ca\/International\/wp-json\/wp\/v2\/posts\/75416\/revisions"}],"wp:attachment":[{"href":"https:\/\/linitiative.ca\/International\/wp-json\/wp\/v2\/media?parent=75416"}],"wp:term":[{"taxonomy":"category","embeddable":true,"href":"https:\/\/linitiative.ca\/International\/wp-json\/wp\/v2\/categories?post=75416"},{"taxonomy":"post_tag","embeddable":true,"href":"https:\/\/linitiative.ca\/International\/wp-json\/wp\/v2\/tags?post=75416"}],"curies":[{"name":"wp","href":"https:\/\/api.w.org\/{rel}","templated":true}]}}