{"id":75417,"date":"2020-02-07T10:46:15","date_gmt":"2020-02-07T15:46:15","guid":{"rendered":"https:\/\/linitiative.ca\/International\/apres-avoir-plie-aux-injonctions-dennahdha-le-camouflet-dabir-moussi-a-elyes-fakhfakh\/"},"modified":"2020-02-07T10:46:15","modified_gmt":"2020-02-07T15:46:15","slug":"apres-avoir-plie-aux-injonctions-dennahdha-le-camouflet-dabir-moussi-a-elyes-fakhfakh","status":"publish","type":"post","link":"https:\/\/linitiative.ca\/International\/apres-avoir-plie-aux-injonctions-dennahdha-le-camouflet-dabir-moussi-a-elyes-fakhfakh\/","title":{"rendered":"Apr\u00e8s avoir pli\u00e9 aux injonctions d\u2019Ennahdha : Le camouflet d\u2019Abir Moussi \u00e0 Ely\u00e8s Fakhfakh"},"content":{"rendered":"<p>Le chef de gouvernement d\u00e9sign\u00e9 Ely\u00e8s Fakhfakh a invit\u00e9 le chef du parti Qalb Toun\u00e8s, Nabil Karoui, et la dirigeante du Parti destourien libre (PDL), Abir Moussi, \u00e0 prendre connaissance du contenu des consultations qui ont eu lieu avec les partis formant la coalition gouvernementale et du contenu du document contractuel, a annonc\u00e9 Ely\u00e8s Fakhfakh sur sa page Facebook.<\/p>\n<p>Fakhfakh a pr\u00e9cis\u00e9 que ces deux r\u00e9unions, \u00e9largies aux d\u00e9l\u00e9gations des deux partis, devraient se tenir vendredi matin au Palais Dhiafa \u00e0 Carthage \u00e0 partir de 9h00.<\/p>\n<p>Le Bureau politique du Parti Qalb Toun\u00e8s a donn\u00e9 son feu vert pour qu\u2019une d\u00e9l\u00e9gation du parti, dirig\u00e9e par son pr\u00e9sident Nabil Karoui, rencontre vendredi le chef de gouvernement d\u00e9sign\u00e9 Ely\u00e8s Fakhfakh, annonce ce soir le parti.<\/p>\n<p>En revanche, la pr\u00e9sidente du PDL Abir Moussi, a d\u00e9clar\u00e9 jeudi soir sur une cha\u00eene de t\u00e9l\u00e9vision priv\u00e9e qu\u2019elle d\u00e9cline l\u2019invitation de Fakhfakh.<\/p>\n<p>Le bureau d\u2019information du chef du gouvernement d\u00e9sign\u00e9 Ely\u00e8s Fakhfakh a annonc\u00e9 plus t\u00f4t dans la journ\u00e9e que les r\u00e9unions avec les partis participant aux consultations sur la formation du gouvernement reprennent vendredi, au Palais Dhiafa de Carthage, et se poursuivront jusqu\u2019\u00e0 samedi, rappelle-t-on.<\/p>\n<p class=\"dpsp-share-text\">Partager c&rsquo;est aimer!<\/p>\n<div class=\"wp-post-author-wrap wp-post-author-shortcode left\">\n<h3 class=\"awpa-title\"\/>\n<div class=\"wp-post-author\">\n<div class=\"awpa-img awpa-author-block square\"><a href=\"http:\/\/lexpertjournal.net\/fr\/author\/expert\/\"><img loading=\"lazy\" decoding=\"async\" alt=\"\" src=\"http:\/\/0.gravatar.com\/avatar\/c828f0b17d24309f0d01a4eac3747085?s=150&#038;d=mm&#038;r=g\" srcset=\"http:\/\/0.gravatar.com\/avatar\/c828f0b17d24309f0d01a4eac3747085?s=300&#038;d=mm&#038;r=g 2x\" class=\"avatar avatar-150 photo\" height=\"150\" width=\"150\"\/><\/a><\/div>\n<\/div>\n<\/div>\n<p>Auteur: L&rsquo;expert<br \/>\n<a href=\"http:\/\/lexpertjournal.net\/fr\/2020\/02\/07\/apres-avoir-plie-aux-injonctions-dennahdha-le-camouflet-dabir-moussi-a-elyes-fakhfakh\/\">Cliquez ici pour lire l&rsquo;article depuis sa source.<\/a><\/p>\n","protected":false},"excerpt":{"rendered":"<p>Le chef de gouvernement d\u00e9sign\u00e9 Ely\u00e8s Fakhfakh a invit\u00e9 le chef du parti Qalb Toun\u00e8s, Nabil Karoui, et la dirigeante du Parti destourien libre (PDL), Abir Moussi, \u00e0 prendre connaissance du contenu des consultations qui ont eu lieu avec les partis formant la coalition gouvernementale et du contenu du document contractuel, a annonc\u00e9 Ely\u00e8s Fakhfakh [&hellip;]<\/p>\n","protected":false},"author":1775,"featured_media":0,"comment_status":"closed","ping_status":"closed","sticky":false,"template":"","format":"standard","meta":{"fifu_image_url":"","fifu_image_alt":"","footnotes":""},"categories":[78,55],"tags":[],"class_list":["post-75417","post","type-post","status-publish","format-standard","hentry","category-economie","category-tunisie"],"_links":{"self":[{"href":"https:\/\/linitiative.ca\/International\/wp-json\/wp\/v2\/posts\/75417","targetHints":{"allow":["GET"]}}],"collection":[{"href":"https:\/\/linitiative.ca\/International\/wp-json\/wp\/v2\/posts"}],"about":[{"href":"https:\/\/linitiative.ca\/International\/wp-json\/wp\/v2\/types\/post"}],"author":[{"embeddable":true,"href":"https:\/\/linitiative.ca\/International\/wp-json\/wp\/v2\/users\/1775"}],"replies":[{"embeddable":true,"href":"https:\/\/linitiative.ca\/International\/wp-json\/wp\/v2\/comments?post=75417"}],"version-history":[{"count":0,"href":"https:\/\/linitiative.ca\/International\/wp-json\/wp\/v2\/posts\/75417\/revisions"}],"wp:attachment":[{"href":"https:\/\/linitiative.ca\/International\/wp-json\/wp\/v2\/media?parent=75417"}],"wp:term":[{"taxonomy":"category","embeddable":true,"href":"https:\/\/linitiative.ca\/International\/wp-json\/wp\/v2\/categories?post=75417"},{"taxonomy":"post_tag","embeddable":true,"href":"https:\/\/linitiative.ca\/International\/wp-json\/wp\/v2\/tags?post=75417"}],"curies":[{"name":"wp","href":"https:\/\/api.w.org\/{rel}","templated":true}]}}