{"id":75431,"date":"2020-02-07T15:14:18","date_gmt":"2020-02-07T20:14:18","guid":{"rendered":"https:\/\/linitiative.ca\/International\/pros-as-monaco-moreno-annonce-une-chose-pour-islam-slimani\/"},"modified":"2020-02-07T15:14:18","modified_gmt":"2020-02-07T20:14:18","slug":"pros-as-monaco-moreno-annonce-une-chose-pour-islam-slimani","status":"publish","type":"post","link":"https:\/\/linitiative.ca\/International\/pros-as-monaco-moreno-annonce-une-chose-pour-islam-slimani\/","title":{"rendered":"Pros : AS Monaco: Moreno annonce une chose pour Islam Slimani"},"content":{"rendered":"<div readability=\"32\">\n<p>Auteur : <span class=\"time\">vendredi 07 f\u00e9vrier 2020 10:18<\/span><\/p>\n<\/div>\n<div id=\"post_core\" readability=\"40\">\n<p>Robert Moreno a annonc\u00e9 une bonne nouvelle en conf\u00e9rence de presse, \u00e0 deux jours du voyage de l&rsquo;AS Monaco \u00e0 Amiens. L&rsquo;entra\u00eeneur espagnol a fait savoir que l&rsquo;attaquant alg\u00e9rien Islam Slimani allait jouer, apr\u00e8s \u00eatre rest\u00e9 sur le banc le weekend dernier contre Angers (1-0). \u00ab\u00a0Slimani est pr\u00eat pour jouer samedi. \u00c0 chaque s\u00e9ance, il s&rsquo;entra\u00eene tr\u00e8s bien. Il peut jouer. C&rsquo;est un bon probl\u00e8me, je suis content d&rsquo;avoir de nombreux choix offensifs.\u00a0\u00bb Auteur de 7 buts en championnat, le footballeur de 31 ans n&rsquo;est plus apparu sur le terrain depuis le 12 janvier contre le Paris Saint-Germain (3-3) rapporte Topmercato.com.<\/p>\n<p><strong>Publi\u00e9 dans :<\/strong> <span>slimani<\/span><\/p>\n<\/div>\n<p>Auteur:<br \/>\n<a href=\"http:\/\/www.lebuteur.com\/article\/detail?titre=as-monaco-moreno-annonce-une-chose-pour-islam-slimani&#038;id=94670&#038;utm_source=feedburner&#038;utm_medium=feed&#038;utm_campaign=Feed%3A+GalerieFArtciles+%28Les+derniers+articles++-+lebuteur.com%29\">Cliquez ici pour lire l&rsquo;article depuis sa source.<\/a><\/p>\n","protected":false},"excerpt":{"rendered":"<p>Auteur : vendredi 07 f\u00e9vrier 2020 10:18 Robert Moreno a annonc\u00e9 une bonne nouvelle en conf\u00e9rence de presse, \u00e0 deux jours du voyage de l&rsquo;AS Monaco \u00e0 Amiens. L&rsquo;entra\u00eeneur espagnol a fait savoir que l&rsquo;attaquant alg\u00e9rien Islam Slimani allait jouer, apr\u00e8s \u00eatre rest\u00e9 sur le banc le weekend dernier contre Angers (1-0). \u00ab\u00a0Slimani est pr\u00eat [&hellip;]<\/p>\n","protected":false},"author":1738,"featured_media":75432,"comment_status":"closed","ping_status":"closed","sticky":false,"template":"","format":"standard","meta":{"fifu_image_url":"","fifu_image_alt":"","footnotes":""},"categories":[53,75],"tags":[],"class_list":["post-75431","post","type-post","status-publish","format-standard","has-post-thumbnail","hentry","category-algerie","category-sport"],"_links":{"self":[{"href":"https:\/\/linitiative.ca\/International\/wp-json\/wp\/v2\/posts\/75431","targetHints":{"allow":["GET"]}}],"collection":[{"href":"https:\/\/linitiative.ca\/International\/wp-json\/wp\/v2\/posts"}],"about":[{"href":"https:\/\/linitiative.ca\/International\/wp-json\/wp\/v2\/types\/post"}],"author":[{"embeddable":true,"href":"https:\/\/linitiative.ca\/International\/wp-json\/wp\/v2\/users\/1738"}],"replies":[{"embeddable":true,"href":"https:\/\/linitiative.ca\/International\/wp-json\/wp\/v2\/comments?post=75431"}],"version-history":[{"count":0,"href":"https:\/\/linitiative.ca\/International\/wp-json\/wp\/v2\/posts\/75431\/revisions"}],"wp:featuredmedia":[{"embeddable":true,"href":"https:\/\/linitiative.ca\/International\/wp-json\/"}],"wp:attachment":[{"href":"https:\/\/linitiative.ca\/International\/wp-json\/wp\/v2\/media?parent=75431"}],"wp:term":[{"taxonomy":"category","embeddable":true,"href":"https:\/\/linitiative.ca\/International\/wp-json\/wp\/v2\/categories?post=75431"},{"taxonomy":"post_tag","embeddable":true,"href":"https:\/\/linitiative.ca\/International\/wp-json\/wp\/v2\/tags?post=75431"}],"curies":[{"name":"wp","href":"https:\/\/api.w.org\/{rel}","templated":true}]}}