{"id":75433,"date":"2020-02-07T15:14:21","date_gmt":"2020-02-07T20:14:21","guid":{"rendered":"https:\/\/linitiative.ca\/International\/pros-discipline-adam-ounas-prend-deux-matches\/"},"modified":"2020-02-07T15:14:21","modified_gmt":"2020-02-07T20:14:21","slug":"pros-discipline-adam-ounas-prend-deux-matches","status":"publish","type":"post","link":"https:\/\/linitiative.ca\/International\/pros-discipline-adam-ounas-prend-deux-matches\/","title":{"rendered":"Pros : Discipline: Adam Ounas prend deux matches"},"content":{"rendered":"<div readability=\"32\">\n<p>Auteur : <span class=\"time\">vendredi 07 f\u00e9vrier 2020 10:19<\/span><\/p>\n<\/div>\n<div id=\"post_core\" readability=\"37\">\n<p>Les d\u00e9cisions de la Commission de Discipline de la Ligue de Football Professionnel (LFP) viennent de tomber. Du c\u00f4t\u00e9 de l\u2019AS Monaco, Gelson Martins a \u00e9t\u00e9 suspendu \u00e0 titre conservatoire alors que Ti\u00e9mou\u00e9 Bakayoko a \u00e9cop\u00e9 de trois matches de suspension dont un avec sursis. Mais il y a d\u2019autres joueurs qui attendaient leur sanction. Expuls\u00e9 contre l\u2019OL pour un mauvais geste sur Marcelo, Adam Ounas manquera deux rencontres rapporte Foot Mercato.<\/p>\n<p><strong>Publi\u00e9 dans :<\/strong> <span>Ounas<\/span><\/p>\n<\/div>\n<p>Auteur:<br \/>\n<a href=\"http:\/\/www.lebuteur.com\/article\/detail?titre=discipline-adam-ounas-prend-deux-matches&#038;id=94671&#038;utm_source=feedburner&#038;utm_medium=feed&#038;utm_campaign=Feed%3A+GalerieFArtciles+%28Les+derniers+articles++-+lebuteur.com%29\">Cliquez ici pour lire l&rsquo;article depuis sa source.<\/a><\/p>\n","protected":false},"excerpt":{"rendered":"<p>Auteur : vendredi 07 f\u00e9vrier 2020 10:19 Les d\u00e9cisions de la Commission de Discipline de la Ligue de Football Professionnel (LFP) viennent de tomber. Du c\u00f4t\u00e9 de l\u2019AS Monaco, Gelson Martins a \u00e9t\u00e9 suspendu \u00e0 titre conservatoire alors que Ti\u00e9mou\u00e9 Bakayoko a \u00e9cop\u00e9 de trois matches de suspension dont un avec sursis. Mais il y [&hellip;]<\/p>\n","protected":false},"author":1738,"featured_media":75434,"comment_status":"closed","ping_status":"closed","sticky":false,"template":"","format":"standard","meta":{"fifu_image_url":"","fifu_image_alt":"","footnotes":""},"categories":[53,75],"tags":[],"class_list":["post-75433","post","type-post","status-publish","format-standard","has-post-thumbnail","hentry","category-algerie","category-sport"],"_links":{"self":[{"href":"https:\/\/linitiative.ca\/International\/wp-json\/wp\/v2\/posts\/75433","targetHints":{"allow":["GET"]}}],"collection":[{"href":"https:\/\/linitiative.ca\/International\/wp-json\/wp\/v2\/posts"}],"about":[{"href":"https:\/\/linitiative.ca\/International\/wp-json\/wp\/v2\/types\/post"}],"author":[{"embeddable":true,"href":"https:\/\/linitiative.ca\/International\/wp-json\/wp\/v2\/users\/1738"}],"replies":[{"embeddable":true,"href":"https:\/\/linitiative.ca\/International\/wp-json\/wp\/v2\/comments?post=75433"}],"version-history":[{"count":0,"href":"https:\/\/linitiative.ca\/International\/wp-json\/wp\/v2\/posts\/75433\/revisions"}],"wp:featuredmedia":[{"embeddable":true,"href":"https:\/\/linitiative.ca\/International\/wp-json\/"}],"wp:attachment":[{"href":"https:\/\/linitiative.ca\/International\/wp-json\/wp\/v2\/media?parent=75433"}],"wp:term":[{"taxonomy":"category","embeddable":true,"href":"https:\/\/linitiative.ca\/International\/wp-json\/wp\/v2\/categories?post=75433"},{"taxonomy":"post_tag","embeddable":true,"href":"https:\/\/linitiative.ca\/International\/wp-json\/wp\/v2\/tags?post=75433"}],"curies":[{"name":"wp","href":"https:\/\/api.w.org\/{rel}","templated":true}]}}