{"id":75437,"date":"2020-02-07T15:14:26","date_gmt":"2020-02-07T20:14:26","guid":{"rendered":"https:\/\/linitiative.ca\/International\/international-lautaro-martinez-deja-daccord-avec-le-barca\/"},"modified":"2020-02-07T15:14:26","modified_gmt":"2020-02-07T20:14:26","slug":"international-lautaro-martinez-deja-daccord-avec-le-barca","status":"publish","type":"post","link":"https:\/\/linitiative.ca\/International\/international-lautaro-martinez-deja-daccord-avec-le-barca\/","title":{"rendered":"International : Lautaro Martinez d\u00e9j\u00e0 d\u2019accord avec le Bar\u00e7a ?"},"content":{"rendered":"<div readability=\"32\">\n<p>Auteur : <span class=\"time\">vendredi 07 f\u00e9vrier 2020 18:25<\/span><\/p>\n<\/div>\n<div id=\"post_core\" readability=\"40\">\n<p>Les Red Devils cherchent toujours \u00e0 remplacer la perte de Lukaku l\u2019\u00e9t\u00e9 dernier et ont r\u00e9guli\u00e8rement envoy\u00e9 des \u00e9missaires en Italie pour observer le jeune argentin cette saison. Du c\u00f4t\u00e9 de City, Pep Guardiola voudrait faire de\u00a0\u00ab El Toro\u00a0\u00bb le successeur de Sergio Aguero. Puisque l\u2019Inter Milan ne d\u00e9sire pas vendre sa star, les deux clubs mancuniens sont dans l\u2019obligation de payer la clause lib\u00e9ratoire du joueur s\u2019\u00e9levant \u00e0 111 millions d\u2019euros. Les citizens sont pr\u00eats \u00e0 d\u00e9penser ce montant mais les red devils \u00e9tudient l\u2019\u00e9ventualit\u00e9 de n\u00e9gocier avec les nerazzurri pour le faire baisser en incluant Paul Pogba dans le deal. Cependant, le n\u00b010 de l\u2019Inter serait d\u00e9cid\u00e9 \u00e0 tourner le dos aux deux clubs de Manchester car il aurait fait part de sa volont\u00e9 pour rejoindre le FC. Barcelone cet \u00e9t\u00e9. Le club n\u2019a pas recrut\u00e9 d\u2019avant-centre cet hiver pour lui faire de la place malgr\u00e9 la blessure et longue absence de Luis Suarez. Et les dirigeants du club seraient dispos\u00e9s \u00e0 payer les 111 millions de la clause qui sera active entre le 15 et 30 juin 2020.<\/p>\n<p><strong>Publi\u00e9 dans :<\/strong> <span>bar\u00e7a<\/span> <span>Lautaro Martinez<\/span><\/p>\n<\/div>\n<p>Auteur:<br \/>\n<a href=\"http:\/\/www.lebuteur.com\/article\/detail?titre=lautaro-martinez-deja-daccord-avec-le-barca&#038;id=94673&#038;utm_source=feedburner&#038;utm_medium=feed&#038;utm_campaign=Feed%3A+GalerieFArtciles+%28Les+derniers+articles++-+lebuteur.com%29\">Cliquez ici pour lire l&rsquo;article depuis sa source.<\/a><\/p>\n","protected":false},"excerpt":{"rendered":"<p>Auteur : vendredi 07 f\u00e9vrier 2020 18:25 Les Red Devils cherchent toujours \u00e0 remplacer la perte de Lukaku l\u2019\u00e9t\u00e9 dernier et ont r\u00e9guli\u00e8rement envoy\u00e9 des \u00e9missaires en Italie pour observer le jeune argentin cette saison. Du c\u00f4t\u00e9 de City, Pep Guardiola voudrait faire de\u00a0\u00ab El Toro\u00a0\u00bb le successeur de Sergio Aguero. Puisque l\u2019Inter Milan ne [&hellip;]<\/p>\n","protected":false},"author":1738,"featured_media":75438,"comment_status":"closed","ping_status":"closed","sticky":false,"template":"","format":"standard","meta":{"fifu_image_url":"","fifu_image_alt":"","footnotes":""},"categories":[53,75],"tags":[],"class_list":["post-75437","post","type-post","status-publish","format-standard","has-post-thumbnail","hentry","category-algerie","category-sport"],"_links":{"self":[{"href":"https:\/\/linitiative.ca\/International\/wp-json\/wp\/v2\/posts\/75437","targetHints":{"allow":["GET"]}}],"collection":[{"href":"https:\/\/linitiative.ca\/International\/wp-json\/wp\/v2\/posts"}],"about":[{"href":"https:\/\/linitiative.ca\/International\/wp-json\/wp\/v2\/types\/post"}],"author":[{"embeddable":true,"href":"https:\/\/linitiative.ca\/International\/wp-json\/wp\/v2\/users\/1738"}],"replies":[{"embeddable":true,"href":"https:\/\/linitiative.ca\/International\/wp-json\/wp\/v2\/comments?post=75437"}],"version-history":[{"count":0,"href":"https:\/\/linitiative.ca\/International\/wp-json\/wp\/v2\/posts\/75437\/revisions"}],"wp:featuredmedia":[{"embeddable":true,"href":"https:\/\/linitiative.ca\/International\/wp-json\/"}],"wp:attachment":[{"href":"https:\/\/linitiative.ca\/International\/wp-json\/wp\/v2\/media?parent=75437"}],"wp:term":[{"taxonomy":"category","embeddable":true,"href":"https:\/\/linitiative.ca\/International\/wp-json\/wp\/v2\/categories?post=75437"},{"taxonomy":"post_tag","embeddable":true,"href":"https:\/\/linitiative.ca\/International\/wp-json\/wp\/v2\/tags?post=75437"}],"curies":[{"name":"wp","href":"https:\/\/api.w.org\/{rel}","templated":true}]}}