{"id":75439,"date":"2020-02-07T15:14:29","date_gmt":"2020-02-07T20:14:29","guid":{"rendered":"https:\/\/linitiative.ca\/International\/international-juventus-ronaldo-raconte-une-anecdote-sur-sa-longevite\/"},"modified":"2020-02-07T15:14:29","modified_gmt":"2020-02-07T20:14:29","slug":"international-juventus-ronaldo-raconte-une-anecdote-sur-sa-longevite","status":"publish","type":"post","link":"https:\/\/linitiative.ca\/International\/international-juventus-ronaldo-raconte-une-anecdote-sur-sa-longevite\/","title":{"rendered":"International : Juventus : Ronaldo raconte une anecdote sur sa long\u00e9vit\u00e9"},"content":{"rendered":"<div readability=\"32\">\n<p>Auteur : <span class=\"time\">vendredi 07 f\u00e9vrier 2020 20:29<\/span><\/p>\n<\/div>\n<div id=\"post_core\" readability=\"42\">\n<p>Dans un entretien accord\u00e9 \u00e0 radio Canal 11, Cristiano Ronaldo (35 ans) a racont\u00e9 une anecdote \u00e9tonnante sur sa vision de sa carri\u00e8re il y a quelques ann\u00e9es de cela :<\/p>\n<p>\u00ab\u00a0A 35 ans ? Je pensais que je serais p\u00eacheur \u00e0 Mad\u00e8re. Je voulais devenir footballeur professionnel mais je ne pensais pas que j\u2019allais gagner tout ce que j\u2019ai gagn\u00e9. Jouer avec la Juventus me donner la chance de gagner \u00e0 nouveau et de pouvoir jouer encore longtemps\u00a0\u00bb, explique le meilleur scorer\u00a0de la S\u00e9l\u00e9\u00e7ao. Personne n&rsquo;explique une telle r\u00e9ussite, hormis la d\u00e9termination d&rsquo;un homme. Seul, le travail paye. \u00a0\u00bb Des propos relay\u00e9s par Onzemondial.<\/p>\n<p><strong>Publi\u00e9 dans :<\/strong> <span>ronaldo<\/span><\/p>\n<\/div>\n<p>Auteur:<br \/>\n<a href=\"http:\/\/www.lebuteur.com\/article\/detail?titre=juventus-ronaldo-raconte-une-anecdote-sur-sa-longevite&#038;id=94674&#038;utm_source=feedburner&#038;utm_medium=feed&#038;utm_campaign=Feed%3A+GalerieFArtciles+%28Les+derniers+articles++-+lebuteur.com%29\">Cliquez ici pour lire l&rsquo;article depuis sa source.<\/a><\/p>\n","protected":false},"excerpt":{"rendered":"<p>Auteur : vendredi 07 f\u00e9vrier 2020 20:29 Dans un entretien accord\u00e9 \u00e0 radio Canal 11, Cristiano Ronaldo (35 ans) a racont\u00e9 une anecdote \u00e9tonnante sur sa vision de sa carri\u00e8re il y a quelques ann\u00e9es de cela : \u00ab\u00a0A 35 ans ? Je pensais que je serais p\u00eacheur \u00e0 Mad\u00e8re. Je voulais devenir footballeur professionnel [&hellip;]<\/p>\n","protected":false},"author":1738,"featured_media":75440,"comment_status":"closed","ping_status":"closed","sticky":false,"template":"","format":"standard","meta":{"fifu_image_url":"","fifu_image_alt":"","footnotes":""},"categories":[53,75],"tags":[],"class_list":["post-75439","post","type-post","status-publish","format-standard","has-post-thumbnail","hentry","category-algerie","category-sport"],"_links":{"self":[{"href":"https:\/\/linitiative.ca\/International\/wp-json\/wp\/v2\/posts\/75439","targetHints":{"allow":["GET"]}}],"collection":[{"href":"https:\/\/linitiative.ca\/International\/wp-json\/wp\/v2\/posts"}],"about":[{"href":"https:\/\/linitiative.ca\/International\/wp-json\/wp\/v2\/types\/post"}],"author":[{"embeddable":true,"href":"https:\/\/linitiative.ca\/International\/wp-json\/wp\/v2\/users\/1738"}],"replies":[{"embeddable":true,"href":"https:\/\/linitiative.ca\/International\/wp-json\/wp\/v2\/comments?post=75439"}],"version-history":[{"count":0,"href":"https:\/\/linitiative.ca\/International\/wp-json\/wp\/v2\/posts\/75439\/revisions"}],"wp:featuredmedia":[{"embeddable":true,"href":"https:\/\/linitiative.ca\/International\/wp-json\/"}],"wp:attachment":[{"href":"https:\/\/linitiative.ca\/International\/wp-json\/wp\/v2\/media?parent=75439"}],"wp:term":[{"taxonomy":"category","embeddable":true,"href":"https:\/\/linitiative.ca\/International\/wp-json\/wp\/v2\/categories?post=75439"},{"taxonomy":"post_tag","embeddable":true,"href":"https:\/\/linitiative.ca\/International\/wp-json\/wp\/v2\/tags?post=75439"}],"curies":[{"name":"wp","href":"https:\/\/api.w.org\/{rel}","templated":true}]}}