{"id":75443,"date":"2020-02-07T15:19:11","date_gmt":"2020-02-07T20:19:11","guid":{"rendered":"https:\/\/linitiative.ca\/International\/le-president-tebboune-recoit-le-ministre-des-affaires-etrangeres-du-royaume-darabie-saoudite\/"},"modified":"2020-02-07T15:19:11","modified_gmt":"2020-02-07T20:19:11","slug":"le-president-tebboune-recoit-le-ministre-des-affaires-etrangeres-du-royaume-darabie-saoudite","status":"publish","type":"post","link":"https:\/\/linitiative.ca\/International\/le-president-tebboune-recoit-le-ministre-des-affaires-etrangeres-du-royaume-darabie-saoudite\/","title":{"rendered":"Le pr\u00e9sident Tebboune re\u00e7oit le ministre des Affaires  \u00e9trang\u00e8res du Royaume d\u2019Arabie saoudite"},"content":{"rendered":"<p>Le pr\u00e9sident de la R\u00e9publique, Abdelmadjid Tebboune a re\u00e7u, jeudi dernier, le ministre des Affaires \u00e9trang\u00e8res du Royaume d\u2019Arabie saoudite, l\u2019Emir Fay\u00e7al Ben Farhane Al-Saoud qui lui a remis une lettre du Serviteur des deux Lieux Saints de l\u2019Islam, le roi Salmane Ben Abdelaziz Al-Saoud, l\u2019invitant \u00e0 effectuer une visite officielle au Royaume d\u2019Arabie saoudite, indique un communiqu\u00e9 de la pr\u00e9sidence de la R\u00e9publique.<\/p>\n<p>\u00abLe pr\u00e9sident Tebboune a accept\u00e9 cette invitation dont la date sera fix\u00e9e ult\u00e9rieurement avec l\u2019accord des deux parties\u00bb, pr\u00e9cise la m\u00eame source.\u00a0<\/p>\n<p>Dans une d\u00e9claration \u00e0 la presse, \u00e0 l\u2019issue de l\u2019audience que lui a accord\u00e9e le pr\u00e9sident Tebboune, le ministre saoudien a d\u00e9clar\u00e9 : \u00abJ\u2019ai eu l\u2019honneur de transmettre les salutations du Serviteur des deux Lieux Saints au pr\u00e9sident Tebboune et de lui remettre une lettre d\u2019invitation pour effectuer une visite en Arabie saoudite, son deuxi\u00e8me pays, au moment qu\u2019il jugera opportun\u00bb. Cette rencontre a \u00e9t\u00e9 l\u2019occasion de \u00abse concerter sur les relations bilat\u00e9rales anciennes qui remontent \u00e0 la guerre de Lib\u00e9ration nationale\u00bb, a-t-il indiqu\u00e9, r\u00e9affirmant l\u2019attachement de son pays \u00abau d\u00e9veloppement de ces relations et \u00e0 leur promotion \u00e0 de plus hauts niveaux\u00bb.<\/p>\n<p>Apres avoir relev\u00e9 la \u00abconvergence\u00bb des vues des deux pays sur \u00abplusieurs dossiers\u00bb, le chef de la diplomatie saoudienne a exprim\u00e9 l\u2019attachement de son pays \u00e0 \u00abune coordination avec l\u2019Alg\u00e9rie sur tout ce qui \u00e0 m\u00eame de servir les int\u00e9r\u00eats du monde arabo-musulman\u00bb, souhaitant la poursuite \u00abdes contacts et de la coop\u00e9ration\u00bb entre les deux pays.<\/p>\n<p>L\u2019entretien s\u2019est d\u00e9roul\u00e9 en pr\u00e9sence du directeur de cabinet de la pr\u00e9sidence de la R\u00e9publique, Noureddine Ayadi, du ministre des Affaires \u00e9trang\u00e8res, Sabri Boukadoum, du secr\u00e9taire d\u2019Etat charg\u00e9 de la communaut\u00e9 nationale et des comp\u00e9tences \u00e0 l\u2019\u00e9tranger, Rachid Bladehane et du ministre conseiller \u00e0 la communication, porte-parole officiel de la pr\u00e9sidence de la R\u00e9publique, Bela\u00efd Mohand Oussaid.\u00a0<\/p>\n<p>Auteur: elmoudjahid<br \/>\n<a href=\"http:\/\/www.elmoudjahid.com\/fr\/actualites\/148169\">Cliquez ici pour lire l&rsquo;article depuis sa source.<\/a><\/p>\n","protected":false},"excerpt":{"rendered":"<p>Le pr\u00e9sident de la R\u00e9publique, Abdelmadjid Tebboune a re\u00e7u, jeudi dernier, le ministre des Affaires \u00e9trang\u00e8res du Royaume d\u2019Arabie saoudite, l\u2019Emir Fay\u00e7al Ben Farhane Al-Saoud qui lui a remis une lettre du Serviteur des deux Lieux Saints de l\u2019Islam, le roi Salmane Ben Abdelaziz Al-Saoud, l\u2019invitant \u00e0 effectuer une visite officielle au Royaume d\u2019Arabie saoudite, [&hellip;]<\/p>\n","protected":false},"author":1744,"featured_media":0,"comment_status":"closed","ping_status":"closed","sticky":false,"template":"","format":"standard","meta":{"fifu_image_url":"","fifu_image_alt":"","footnotes":""},"categories":[73,53],"tags":[],"class_list":["post-75443","post","type-post","status-publish","format-standard","hentry","category-actualite","category-algerie"],"_links":{"self":[{"href":"https:\/\/linitiative.ca\/International\/wp-json\/wp\/v2\/posts\/75443","targetHints":{"allow":["GET"]}}],"collection":[{"href":"https:\/\/linitiative.ca\/International\/wp-json\/wp\/v2\/posts"}],"about":[{"href":"https:\/\/linitiative.ca\/International\/wp-json\/wp\/v2\/types\/post"}],"author":[{"embeddable":true,"href":"https:\/\/linitiative.ca\/International\/wp-json\/wp\/v2\/users\/1744"}],"replies":[{"embeddable":true,"href":"https:\/\/linitiative.ca\/International\/wp-json\/wp\/v2\/comments?post=75443"}],"version-history":[{"count":0,"href":"https:\/\/linitiative.ca\/International\/wp-json\/wp\/v2\/posts\/75443\/revisions"}],"wp:attachment":[{"href":"https:\/\/linitiative.ca\/International\/wp-json\/wp\/v2\/media?parent=75443"}],"wp:term":[{"taxonomy":"category","embeddable":true,"href":"https:\/\/linitiative.ca\/International\/wp-json\/wp\/v2\/categories?post=75443"},{"taxonomy":"post_tag","embeddable":true,"href":"https:\/\/linitiative.ca\/International\/wp-json\/wp\/v2\/tags?post=75443"}],"curies":[{"name":"wp","href":"https:\/\/api.w.org\/{rel}","templated":true}]}}