{"id":75445,"date":"2020-02-07T15:19:17","date_gmt":"2020-02-07T20:19:17","guid":{"rendered":"https:\/\/linitiative.ca\/International\/40e-jour-de-la-disparition-du-deces-d-ahmed-gaid-salah-limportance-de-lunite-nationale-soulignee-a-el-bayadh\/"},"modified":"2020-02-07T15:19:17","modified_gmt":"2020-02-07T20:19:17","slug":"40e-jour-de-la-disparition-du-deces-d-ahmed-gaid-salah-limportance-de-lunite-nationale-soulignee-a-el-bayadh","status":"publish","type":"post","link":"https:\/\/linitiative.ca\/International\/40e-jour-de-la-disparition-du-deces-d-ahmed-gaid-salah-limportance-de-lunite-nationale-soulignee-a-el-bayadh\/","title":{"rendered":"40e jour de la disparition du d\u00e9c\u00e8s d\u2019 Ahmed Ga\u00efd Salah :  L\u2019importance de l\u2019unit\u00e9 nationale  soulign\u00e9e \u00e0 El Bayadh"},"content":{"rendered":"<p>Plusieurs intervenants \u00e0 cette rencontre, plac\u00e9e sous le slogan \u00abDans l&rsquo;Alg\u00e9rie nouvelle, ensemble pour consacrer la s\u00e9curit\u00e9 intellectuelle et concr\u00e9tiser la paix soci\u00e9tale\u00bb, organis\u00e9e par la zaouia centrale mondiale de la tariqa chikhia, \u00e0 Labiod Sidi Cheikh, ont soulign\u00e9 l\u2019importance de l\u2019action visant la cons\u00e9cration de l\u2019unit\u00e9 nationale dans la d\u00e9fense de la soci\u00e9t\u00e9 contre les diff\u00e9rents courants en vue de son d\u00e9veloppement et essor.<\/p>\n<p>Des figures marquantes et des adeptes de la tariqa chikhia de la wilaya d\u2019El Bayadh et des autres r\u00e9gions ont soulign\u00e9 la n\u00e9cessit\u00e9 de \u00abrenforcer les rangs, de d\u00e9passer les diff\u00e9rences et les divisions entre les composantes du peuple alg\u00e9rien\u00bb. Les intervenants ont mis en exergue les qualit\u00e9s du d\u00e9funt g\u00e9n\u00e9ral du corps d\u2019arm\u00e9e Ahmed Ga\u00efd Salah et son r\u00f4le historique dans la d\u00e9fense des int\u00e9r\u00eats de la nation et de l\u2019unit\u00e9 du pays.<\/p>\n<p>Lors de cette rencontre, il a \u00e9t\u00e9 soulign\u00e9 que la construction d\u2019une Alg\u00e9rie nouvelle \u00e0 laquelle aspirent tous les Alg\u00e9riens n\u00e9cessite une conjugaison des efforts pour renforcer l\u2019unit\u00e9 nationale.<\/p>\n<p>Dans ce contexte, le chef de file de la zaou\u00efa chikhia, Hadj Larbi Sid Cheikh, dans son allocution d\u2019ouverture de la rencontre, a affirm\u00e9 que toutes les forces nationales sont appel\u00e9es \u00e0 contribuer efficacement au renforcement de l\u2019unit\u00e9 nationale, tout en rappelant le r\u00f4le des zaouias dans la diffusion et la propagation de la culture nationale par le biais du message religieux qui appelle \u00e0 la pr\u00e9servation de la r\u00e9f\u00e9rence religieuse.<\/p>\n<p>De son c\u00f4t\u00e9, le pr\u00e9sident du conseil scientifique de la rencontre, Bouchikhi Mohamed, sp\u00e9cialiste dans le patrimoine et du soufisme, a \u00e9voqu\u00e9 le r\u00f4le de la tariqa chikhia, depuis sa fondation, \u00e0 la pr\u00e9servation de l\u2019unit\u00e9 nationale. L\u2019intervenant a salu\u00e9 la m\u00e9moire du d\u00e9funt g\u00e9n\u00e9ral de corps d\u2019arm\u00e9e Ahmed Ga\u00efd Salah et son r\u00f4le historique en accompagnant et d\u00e9fendant le peuple qui a revendiqu\u00e9 le changement et l\u2019instauration de la d\u00e9mocratie.<\/p>\n<p>Par ailleurs, les participants se sont f\u00e9licit\u00e9s du r\u00f4le historique de l\u2019Alg\u00e9rie dans la diffusion de la culture de la paix dans le monde et dans \u00abson approche pour r\u00e9gler la crise opposant les fr\u00e8res libyens\u00bb.\u00a0<\/p>\n<p>Auteur: elmoudjahid<br \/>\n<a href=\"http:\/\/www.elmoudjahid.com\/fr\/actualites\/148171\">Cliquez ici pour lire l&rsquo;article depuis sa source.<\/a><\/p>\n","protected":false},"excerpt":{"rendered":"<p>Plusieurs intervenants \u00e0 cette rencontre, plac\u00e9e sous le slogan \u00abDans l&rsquo;Alg\u00e9rie nouvelle, ensemble pour consacrer la s\u00e9curit\u00e9 intellectuelle et concr\u00e9tiser la paix soci\u00e9tale\u00bb, organis\u00e9e par la zaouia centrale mondiale de la tariqa chikhia, \u00e0 Labiod Sidi Cheikh, ont soulign\u00e9 l\u2019importance de l\u2019action visant la cons\u00e9cration de l\u2019unit\u00e9 nationale dans la d\u00e9fense de la soci\u00e9t\u00e9 contre [&hellip;]<\/p>\n","protected":false},"author":1744,"featured_media":0,"comment_status":"closed","ping_status":"closed","sticky":false,"template":"","format":"standard","meta":{"fifu_image_url":"","fifu_image_alt":"","footnotes":""},"categories":[73,53],"tags":[],"class_list":["post-75445","post","type-post","status-publish","format-standard","hentry","category-actualite","category-algerie"],"_links":{"self":[{"href":"https:\/\/linitiative.ca\/International\/wp-json\/wp\/v2\/posts\/75445","targetHints":{"allow":["GET"]}}],"collection":[{"href":"https:\/\/linitiative.ca\/International\/wp-json\/wp\/v2\/posts"}],"about":[{"href":"https:\/\/linitiative.ca\/International\/wp-json\/wp\/v2\/types\/post"}],"author":[{"embeddable":true,"href":"https:\/\/linitiative.ca\/International\/wp-json\/wp\/v2\/users\/1744"}],"replies":[{"embeddable":true,"href":"https:\/\/linitiative.ca\/International\/wp-json\/wp\/v2\/comments?post=75445"}],"version-history":[{"count":0,"href":"https:\/\/linitiative.ca\/International\/wp-json\/wp\/v2\/posts\/75445\/revisions"}],"wp:attachment":[{"href":"https:\/\/linitiative.ca\/International\/wp-json\/wp\/v2\/media?parent=75445"}],"wp:term":[{"taxonomy":"category","embeddable":true,"href":"https:\/\/linitiative.ca\/International\/wp-json\/wp\/v2\/categories?post=75445"},{"taxonomy":"post_tag","embeddable":true,"href":"https:\/\/linitiative.ca\/International\/wp-json\/wp\/v2\/tags?post=75445"}],"curies":[{"name":"wp","href":"https:\/\/api.w.org\/{rel}","templated":true}]}}