{"id":75448,"date":"2020-02-07T10:01:20","date_gmt":"2020-02-07T15:01:20","guid":{"rendered":"https:\/\/linitiative.ca\/International\/101267-karate-do-championnats-d-afrique-yanis-tas-decroche-le-bronze-en-kata\/"},"modified":"2020-02-07T10:01:20","modified_gmt":"2020-02-07T15:01:20","slug":"101267-karate-do-championnats-d-afrique-yanis-tas-decroche-le-bronze-en-kata","status":"publish","type":"post","link":"https:\/\/linitiative.ca\/International\/101267-karate-do-championnats-d-afrique-yanis-tas-decroche-le-bronze-en-kata\/","title":{"rendered":"Karat\u00e9 Do\/Championnats d&rsquo;Afrique: Yanis Tas d\u00e9croche le bronze en kata"},"content":{"rendered":"<p><span class=\"sp-nh-title\">Pr\u00e9sident Tebboune: vers la r\u00e9vision du Code de commerce pour simplifier les conditions de cr\u00e9ation des entreprises<\/span> &#8211; <span class=\"sp-nh-date\">vendredi 7 f\u00e9vrier 2020 19:51<\/span><\/p>\n<p><span class=\"sp-nh-title\">Secousse tellurique de 3,5 degr\u00e9s dans la wilaya de Tipaza<\/span> &#8211; <span class=\"sp-nh-date\">vendredi 7 f\u00e9vrier 2020 19:45<\/span><\/p>\n<p><span class=\"sp-nh-title\">Tennis de table-Jeux arabes f\u00e9minins des clubs-2020: 2 m\u00e9dailles pour les pongistes de l&rsquo;ASF Arbaa<\/span> &#8211; <span class=\"sp-nh-date\">vendredi 7 f\u00e9vrier 2020 19:37<\/span><\/p>\n<p><span class=\"sp-nh-title\">El Bayadh: l\u2019importance de l\u2019unit\u00e9 nationale dans l\u2019\u00e9dification d\u2019une soci\u00e9t\u00e9 prosp\u00e8re soulign\u00e9e<\/span> &#8211; <span class=\"sp-nh-date\">vendredi 7 f\u00e9vrier 2020 17:58<\/span><\/p>\n<p><span class=\"sp-nh-title\">Les efforts de paix en Afrique sont an\u00e9antis par la menace terroriste, alerte l\u2019UA<\/span> &#8211; <span class=\"sp-nh-date\">vendredi 7 f\u00e9vrier 2020 17:56<\/span><\/p>\n<p><span class=\"sp-nh-title\">Deux courts m\u00e9trages alg\u00e9riens en comp\u00e9tition en Libye<\/span> &#8211; <span class=\"sp-nh-date\">vendredi 7 f\u00e9vrier 2020 17:54<\/span><\/p>\n<p><span class=\"sp-nh-title\">Maladies cardiovasculaires: l\u2019Alg\u00e9rie, autonome dans la prise en charge de patients<\/span> &#8211; <span class=\"sp-nh-date\">vendredi 7 f\u00e9vrier 2020 17:42<\/span><\/p>\n<p><span class=\"sp-nh-title\">Moi, Si Mohand Ou M&rsquo;hand de Rachid Kahar, ou les tribulations du po\u00e8te racont\u00e9es par lui-m\u00eame<\/span> &#8211; <span class=\"sp-nh-date\">vendredi 7 f\u00e9vrier 2020 17:27<\/span><\/p>\n<p><span class=\"sp-nh-title\">Sommet de l&rsquo;UA: faire taire les armes pour une Afrique prosp\u00e8re et d\u00e9velopp\u00e9e<\/span> &#8211; <span class=\"sp-nh-date\">vendredi 7 f\u00e9vrier 2020 17:03<\/span><\/p>\n<p><span class=\"sp-nh-title\">Enseignement des math\u00e9matiques: pour une politique de d\u00e9veloppement<\/span> &#8211; <span class=\"sp-nh-date\">vendredi 7 f\u00e9vrier 2020 16:35<\/span><\/p>\n<p><span class=\"sp-nh-title\">Karat\u00e9 Do\/Championnats d&rsquo;Afrique: Yanis Tas d\u00e9croche le bronze en kata<\/span> &#8211; <span class=\"sp-nh-date\">vendredi 7 f\u00e9vrier 2020 16:01<\/span><\/p>\n<p><span class=\"sp-nh-title\">36e Conseil ex\u00e9cutif de l&rsquo;UA: plaidoyer pour une Afrique sans conflits<\/span> &#8211; <span class=\"sp-nh-date\">vendredi 7 f\u00e9vrier 2020 15:54<\/span><\/p>\n<p><span class=\"sp-nh-title\">Beldjoud salue la disponibilit\u00e9 constante des forces de police<\/span> &#8211; <span class=\"sp-nh-date\">vendredi 7 f\u00e9vrier 2020 15:19<\/span><\/p>\n<p><span class=\"sp-nh-title\">Diab\u00e8te de type 1: l\u2019incidence de la maladie chez les enfants en augmentation<\/span> &#8211; <span class=\"sp-nh-date\">vendredi 7 f\u00e9vrier 2020 15:17<\/span><\/p>\n<p><span class=\"sp-nh-title\">Dix pays rejoignent le Conseil paix et s\u00e9curit\u00e9 de l\u2019Union africaine<\/span> &#8211; <span class=\"sp-nh-date\">vendredi 7 f\u00e9vrier 2020 14:48<\/span><\/p>\n<p><span class=\"sp-nh-title\">Le Maroc appel\u00e9 \u00e0 lib\u00e9rer imm\u00e9diate de la militante sahraouie Mahfouda Bamba Lafkir<\/span> &#8211; <span class=\"sp-nh-date\">vendredi 7 f\u00e9vrier 2020 14:22<\/span><\/p>\n<p><span class=\"sp-nh-title\">La RASD participe \u00e0 la 36e session ordinaire du Conseil ex\u00e9cutif de l&rsquo;UA<\/span> &#8211; <span class=\"sp-nh-date\">vendredi 7 f\u00e9vrier 2020 13:28<\/span><\/p>\n<p><span class=\"sp-nh-title\">journ\u00e9es m\u00e9dicochirurgicales d\u2019ophtalmologie \u00e0 Laghouat : 274 personnes vont b\u00e9n\u00e9ficier d\u2019une intervention chirurgicale gratuite<\/span> &#8211; <span class=\"sp-nh-date\">vendredi 7 f\u00e9vrier 2020 13:24<\/span><\/p>\n<p><span class=\"sp-nh-title\">Le Mali au menu de la r\u00e9union du CPS samedi \u00e0 Addis Abeba<\/span> &#8211; <span class=\"sp-nh-date\">vendredi 7 f\u00e9vrier 2020 13:03<\/span><\/p>\n<p><span class=\"sp-nh-title\">Badminton\/Championnat d&rsquo;Afrique: au Caire pour le titre et une qualification aux JO-2020<\/span> &#8211; <span class=\"sp-nh-date\">vendredi 7 f\u00e9vrier 2020 12:49<\/span><\/p>\n<p>Auteur:<br \/>\n<a href=\"http:\/\/www.aps.dz\/sport\/101267-karate-do-championnats-d-afrique-yanis-tas-decroche-le-bronze-en-kata?utm_source=feedburner&#038;utm_medium=feed&#038;utm_campaign=Feed%3A+aps-sport+%28APS+-+SPORT%29\">Cliquez ici pour lire l&rsquo;article depuis sa source.<\/a><\/p>\n","protected":false},"excerpt":{"rendered":"<p>Pr\u00e9sident Tebboune: vers la r\u00e9vision du Code de commerce pour simplifier les conditions de cr\u00e9ation des entreprises &#8211; vendredi 7 f\u00e9vrier 2020 19:51 Secousse tellurique de 3,5 degr\u00e9s dans la wilaya de Tipaza &#8211; vendredi 7 f\u00e9vrier 2020 19:45 Tennis de table-Jeux arabes f\u00e9minins des clubs-2020: 2 m\u00e9dailles pour les pongistes de l&rsquo;ASF Arbaa &#8211; [&hellip;]<\/p>\n","protected":false},"author":1790,"featured_media":0,"comment_status":"closed","ping_status":"closed","sticky":false,"template":"","format":"standard","meta":{"fifu_image_url":"","fifu_image_alt":"","footnotes":""},"categories":[53,75],"tags":[],"class_list":["post-75448","post","type-post","status-publish","format-standard","hentry","category-algerie","category-sport"],"_links":{"self":[{"href":"https:\/\/linitiative.ca\/International\/wp-json\/wp\/v2\/posts\/75448","targetHints":{"allow":["GET"]}}],"collection":[{"href":"https:\/\/linitiative.ca\/International\/wp-json\/wp\/v2\/posts"}],"about":[{"href":"https:\/\/linitiative.ca\/International\/wp-json\/wp\/v2\/types\/post"}],"author":[{"embeddable":true,"href":"https:\/\/linitiative.ca\/International\/wp-json\/wp\/v2\/users\/1790"}],"replies":[{"embeddable":true,"href":"https:\/\/linitiative.ca\/International\/wp-json\/wp\/v2\/comments?post=75448"}],"version-history":[{"count":0,"href":"https:\/\/linitiative.ca\/International\/wp-json\/wp\/v2\/posts\/75448\/revisions"}],"wp:attachment":[{"href":"https:\/\/linitiative.ca\/International\/wp-json\/wp\/v2\/media?parent=75448"}],"wp:term":[{"taxonomy":"category","embeddable":true,"href":"https:\/\/linitiative.ca\/International\/wp-json\/wp\/v2\/categories?post=75448"},{"taxonomy":"post_tag","embeddable":true,"href":"https:\/\/linitiative.ca\/International\/wp-json\/wp\/v2\/tags?post=75448"}],"curies":[{"name":"wp","href":"https:\/\/api.w.org\/{rel}","templated":true}]}}