{"id":75450,"date":"2020-02-07T11:06:00","date_gmt":"2020-02-07T16:06:00","guid":{"rendered":"https:\/\/linitiative.ca\/International\/justice-le-dossier-de-ali-ghediri-renvoye-au-tribunal-de-dar-el-beida\/"},"modified":"2020-02-07T11:06:00","modified_gmt":"2020-02-07T16:06:00","slug":"justice-le-dossier-de-ali-ghediri-renvoye-au-tribunal-de-dar-el-beida","status":"publish","type":"post","link":"https:\/\/linitiative.ca\/International\/justice-le-dossier-de-ali-ghediri-renvoye-au-tribunal-de-dar-el-beida\/","title":{"rendered":"JUSTICE : Le dossier de Ali Ghediri renvoy\u00e9  au tribunal de Dar El-Be\u00efda"},"content":{"rendered":"<p><br id=\"sep_para_1\" class=\"sep_para access\"\/><\/p>\n<div id=\"para_1\" class=\"para_35444762 resize\">\n<div class=\"texte access firstletter\">Le dossier du g\u00e9n\u00e9ral \u00e0 la retraite Ali Ghediri a \u00e9t\u00e9 renvoy\u00e9 \u00e0 la section criminelle du tribunal de Dar El-Be\u00efda, et ce apr\u00e8s la cl\u00f4ture de l\u2019instruction, indique un de ses avocats, rapport\u00e9 par le quotidien Libert\u00e9.\u00a0 Ensuite, le dossier a \u00e9t\u00e9 envoy\u00e9, hier mercredi au procureur g\u00e9n\u00e9ral pr\u00e8s de la Cour d\u2019Alger, qui a \u00e0 son tour, 5 jours pour le renvoy\u00e9 \u00e0 la chambre d\u2019accusation qui fixera la date du proc\u00e8s dans un d\u00e9lai de 20 jours, indique la m\u00eame source. Cela porte \u00e0 croire que la date du proc\u00e8s sera fix\u00e9e pour, au plus tard, le d\u00e9but du mois de mars prochain. Pour rappel, Ali Ghediri a \u00e9t\u00e9 arr\u00eat\u00e9 le 13 juin et accus\u00e9 de \u00ab complicit\u00e9 dans la fourniture, \u00e0 des agents de pays \u00e9trangers, d\u2019informations qui portent atteinte \u00e0 l\u2019\u00e9conomie nationale \u00bb, et \u00ab atteinte au moral de l\u2019arm\u00e9e \u00bb.<\/div>\n<\/div>\n<p>Auteur: Ismain<br \/>\n<a href=\"https:\/\/www.reflexiondz.net\/JUSTICE-Le-dossier-de-Ali-Ghediri-renvoye-au-tribunal-de-Dar-El-Beida_a60491.html\">Cliquez ici pour lire l&rsquo;article depuis sa source.<\/a><\/p>\n","protected":false},"excerpt":{"rendered":"<p>Le dossier du g\u00e9n\u00e9ral \u00e0 la retraite Ali Ghediri a \u00e9t\u00e9 renvoy\u00e9 \u00e0 la section criminelle du tribunal de Dar El-Be\u00efda, et ce apr\u00e8s la cl\u00f4ture de l\u2019instruction, indique un de ses avocats, rapport\u00e9 par le quotidien Libert\u00e9.\u00a0 Ensuite, le dossier a \u00e9t\u00e9 envoy\u00e9, hier mercredi au procureur g\u00e9n\u00e9ral pr\u00e8s de la Cour d\u2019Alger, qui [&hellip;]<\/p>\n","protected":false},"author":1740,"featured_media":0,"comment_status":"closed","ping_status":"closed","sticky":false,"template":"","format":"standard","meta":{"fifu_image_url":"","fifu_image_alt":"","footnotes":""},"categories":[53,76],"tags":[],"class_list":["post-75450","post","type-post","status-publish","format-standard","hentry","category-algerie","category-regions"],"_links":{"self":[{"href":"https:\/\/linitiative.ca\/International\/wp-json\/wp\/v2\/posts\/75450","targetHints":{"allow":["GET"]}}],"collection":[{"href":"https:\/\/linitiative.ca\/International\/wp-json\/wp\/v2\/posts"}],"about":[{"href":"https:\/\/linitiative.ca\/International\/wp-json\/wp\/v2\/types\/post"}],"author":[{"embeddable":true,"href":"https:\/\/linitiative.ca\/International\/wp-json\/wp\/v2\/users\/1740"}],"replies":[{"embeddable":true,"href":"https:\/\/linitiative.ca\/International\/wp-json\/wp\/v2\/comments?post=75450"}],"version-history":[{"count":0,"href":"https:\/\/linitiative.ca\/International\/wp-json\/wp\/v2\/posts\/75450\/revisions"}],"wp:attachment":[{"href":"https:\/\/linitiative.ca\/International\/wp-json\/wp\/v2\/media?parent=75450"}],"wp:term":[{"taxonomy":"category","embeddable":true,"href":"https:\/\/linitiative.ca\/International\/wp-json\/wp\/v2\/categories?post=75450"},{"taxonomy":"post_tag","embeddable":true,"href":"https:\/\/linitiative.ca\/International\/wp-json\/wp\/v2\/tags?post=75450"}],"curies":[{"name":"wp","href":"https:\/\/api.w.org\/{rel}","templated":true}]}}