{"id":75451,"date":"2020-02-07T11:06:00","date_gmt":"2020-02-07T16:06:00","guid":{"rendered":"https:\/\/linitiative.ca\/International\/reunion-extraordinaire-du-conseil-des-ministres-le-president-tebboune-ordonne-un-recensement-general-de-la-population\/"},"modified":"2020-02-07T11:06:00","modified_gmt":"2020-02-07T16:06:00","slug":"reunion-extraordinaire-du-conseil-des-ministres-le-president-tebboune-ordonne-un-recensement-general-de-la-population","status":"publish","type":"post","link":"https:\/\/linitiative.ca\/International\/reunion-extraordinaire-du-conseil-des-ministres-le-president-tebboune-ordonne-un-recensement-general-de-la-population\/","title":{"rendered":"REUNION EXTRAORDINAIRE DU CONSEIL DES MINISTRES : Le pr\u00e9sident Tebboune ordonne un recensement g\u00e9n\u00e9ral de la population"},"content":{"rendered":"<p><br id=\"sep_para_1\" class=\"sep_para access\"\/><\/p>\n<div id=\"para_1\" class=\"para_35444780 resize\">\n<div class=\"photo shadow left\"><a href=\"javascript:void(0)\" rel=\"https:\/\/www.reflexiondz.net\/photo\/art\/grande\/42562790-35444780.jpg?v=1581096563&#038;ibox\" title=\"REUNION EXTRAORDINAIRE DU CONSEIL DES MINISTRES : Le pr\u00e9sident Tebboune ordonne un recensement g\u00e9n\u00e9ral de la population \"><img decoding=\"async\" class=\"responsive c9\" src=\"https:\/\/www.reflexiondz.net\/photo\/art\/grande\/42562790-35444780.jpg?v=1581096563\" alt=\"REUNION EXTRAORDINAIRE DU CONSEIL DES MINISTRES : Le pr\u00e9sident Tebboune ordonne un recensement g\u00e9n\u00e9ral de la population \" title=\"REUNION EXTRAORDINAIRE DU CONSEIL DES MINISTRES : Le pr\u00e9sident Tebboune ordonne un recensement g\u00e9n\u00e9ral de la population \"\/><img decoding=\"async\" class=\"not-responsive\" src=\"https:\/\/www.reflexiondz.net\/photo\/art\/default\/42562790-35444780.jpg?v=1581096564\" alt=\"REUNION EXTRAORDINAIRE DU CONSEIL DES MINISTRES : Le pr\u00e9sident Tebboune ordonne un recensement g\u00e9n\u00e9ral de la population \" title=\"REUNION EXTRAORDINAIRE DU CONSEIL DES MINISTRES : Le pr\u00e9sident Tebboune ordonne un recensement g\u00e9n\u00e9ral de la population \"\/><\/a><\/div>\n<div class=\"texte access firstletter\">Le pr\u00e9sident de la R\u00e9publique a demand\u00e9 \u00ab au ministre concern\u00e9 de pr\u00e9parer imm\u00e9diatement un Recensement g\u00e9n\u00e9ral de la population afin que la politique de la planification nationale soit fond\u00e9e sur des bases solides, ce qui permettra de d\u00e9terminer la consommation nationale quotidienne pour pouvoir adapter notre consommation et nos importations \u00e0 nos besoins r\u00e9els \u00bb, a pr\u00e9cis\u00e9 la m\u00eame source. Relevant \u00ab des impr\u00e9cisions dans certains chiffres relatifs au domaine \u00e9conomique \u00bb, M. Tebboune a rappel\u00e9 que \u00ab l\u2019\u00e9conomie ne repose pas sur des estimations approximatives mais sur des statistiques exactes \u00bb. Il a instruit \u00e9galement la cr\u00e9ation \u00ab d\u2019un r\u00e9seau interactif de statistiques s\u2019\u00e9tendant \u00e0 tout le territoire national, de la Commune au Minist\u00e8re en charge des statistiques, en vue de faciliter la maitrise de l\u2019\u00e9conomie \u00bb, ajoute le communiqu\u00e9. Pour rappel, la r\u00e9union extraordinaire du Conseil des ministres a \u00e9t\u00e9 consacr\u00e9e \u00e0 l\u2019examen et l\u2019adoption du Plan d\u2019action du Gouvernement en pr\u00e9vision de sa pr\u00e9sentation aux deux chambres du Parlement pour d\u00e9bat et adoption. le Plan d&rsquo;action du Gouvernement, adopt\u00e9 jeudi lors de la r\u00e9union du Conseil des ministres, a mis en avant l&rsquo;urgence de proc\u00e9der \u00e0 une r\u00e9vision profonde des modes de gouvernance et de concevoir de nouvelles r\u00e8gles afin de mener \u00e0 bien les politiques de d\u00e9veloppement. \u00ab\u00a0Le Plan d&rsquo;action du Gouvernement, qui puise sa r\u00e9f\u00e9rence des engagements du pr\u00e9sident de la R\u00e9publique, met en avant l&rsquo;urgence de proc\u00e9der \u00e0 une r\u00e9vision profonde des modes de gouvernance et de concevoir de nouvelles r\u00e8gles afin de mener \u00e0 bien les politiques de d\u00e9veloppement et d&rsquo;insuffler une dynamique interactive\u00a0\u00bb, a not\u00e9 le communiqu\u00e9 ayant sanctionn\u00e9 les travaux de la r\u00e9union extraordinaire du Conseil des ministres pr\u00e9sid\u00e9 par le pr\u00e9sident de la R\u00e9publique, M. Abdelmadjid Tebboune.\u00a0 A ce propos, il est pr\u00e9conis\u00e9 l&rsquo;adoption de plusieurs m\u00e9canismes, essentiellement la r\u00e9forme du syst\u00e8me\u00a0 \u00e9lectoral, l&rsquo;op\u00e9rationnalisation de m\u00e9canismes innovants de r\u00e9forme financi\u00e8re et fiscale et l&rsquo;assurance des op\u00e9rateurs \u00e9conomiques les plus affect\u00e9s par les choix inappropri\u00e9s en mati\u00e8re de gestion des affaires \u00e9conomiques. Le Plan focalise sur \u00ab\u00a0la triptyque d&rsquo;un renouvellement \u00e9conomique bas\u00e9 sur la s\u00e9curit\u00e9 alimentaire, la transition \u00e9nerg\u00e9tique et l&rsquo;\u00e9conomie num\u00e9rique\u00a0\u00bb. Le Gouvernement veille \u00e9galement, selon son Plan d&rsquo;action, \u00e0 la mise en place d&rsquo;une cartographie nationale d&rsquo;investissement \u00e0 travers l&rsquo;ouverture de nouveaux espaces d\u00e9di\u00e9s au foncier industriel, particuli\u00e8rement dans les Hauts Plateaux et le Sud.<\/div>\n<\/div>\n<p>Auteur: Ismain<br \/>\n<a href=\"https:\/\/www.reflexiondz.net\/REUNION-EXTRAORDINAIRE-DU-CONSEIL-DES-MINISTRES-Le-president-Tebboune-ordonne-un-recensement-general-de-la-population_a60494.html\">Cliquez ici pour lire l&rsquo;article depuis sa source.<\/a><\/p>\n","protected":false},"excerpt":{"rendered":"<p>Le pr\u00e9sident de la R\u00e9publique a demand\u00e9 \u00ab au ministre concern\u00e9 de pr\u00e9parer imm\u00e9diatement un Recensement g\u00e9n\u00e9ral de la population afin que la politique de la planification nationale soit fond\u00e9e sur des bases solides, ce qui permettra de d\u00e9terminer la consommation nationale quotidienne pour pouvoir adapter notre consommation et nos importations \u00e0 nos besoins r\u00e9els [&hellip;]<\/p>\n","protected":false},"author":1740,"featured_media":0,"comment_status":"closed","ping_status":"closed","sticky":false,"template":"","format":"standard","meta":{"fifu_image_url":"","fifu_image_alt":"","footnotes":""},"categories":[53,76],"tags":[],"class_list":["post-75451","post","type-post","status-publish","format-standard","hentry","category-algerie","category-regions"],"_links":{"self":[{"href":"https:\/\/linitiative.ca\/International\/wp-json\/wp\/v2\/posts\/75451","targetHints":{"allow":["GET"]}}],"collection":[{"href":"https:\/\/linitiative.ca\/International\/wp-json\/wp\/v2\/posts"}],"about":[{"href":"https:\/\/linitiative.ca\/International\/wp-json\/wp\/v2\/types\/post"}],"author":[{"embeddable":true,"href":"https:\/\/linitiative.ca\/International\/wp-json\/wp\/v2\/users\/1740"}],"replies":[{"embeddable":true,"href":"https:\/\/linitiative.ca\/International\/wp-json\/wp\/v2\/comments?post=75451"}],"version-history":[{"count":0,"href":"https:\/\/linitiative.ca\/International\/wp-json\/wp\/v2\/posts\/75451\/revisions"}],"wp:attachment":[{"href":"https:\/\/linitiative.ca\/International\/wp-json\/wp\/v2\/media?parent=75451"}],"wp:term":[{"taxonomy":"category","embeddable":true,"href":"https:\/\/linitiative.ca\/International\/wp-json\/wp\/v2\/categories?post=75451"},{"taxonomy":"post_tag","embeddable":true,"href":"https:\/\/linitiative.ca\/International\/wp-json\/wp\/v2\/tags?post=75451"}],"curies":[{"name":"wp","href":"https:\/\/api.w.org\/{rel}","templated":true}]}}