{"id":75452,"date":"2020-02-07T11:15:00","date_gmt":"2020-02-07T16:15:00","guid":{"rendered":"https:\/\/linitiative.ca\/International\/le-restaurant-de-lex-ministre-a-paris\/"},"modified":"2020-02-07T11:15:00","modified_gmt":"2020-02-07T16:15:00","slug":"le-restaurant-de-lex-ministre-a-paris","status":"publish","type":"post","link":"https:\/\/linitiative.ca\/International\/le-restaurant-de-lex-ministre-a-paris\/","title":{"rendered":"Le restaurant de l\u2019ex-ministre \u00e0 Paris"},"content":{"rendered":"<p><br id=\"sep_para_1\" class=\"sep_para access\"\/><\/p>\n<div id=\"para_1\" class=\"para_35444799 resize\">\n<div class=\"texte access firstletter\">Selon une source m\u00e9diatique, en 2010, alors qu\u2019elle \u00e9tait PDG d\u2019ERIAD, l\u2019ex-ministre de l\u2019industrie, Mme Djamila Tamazirt a d\u00e9cid\u00e9 d\u2019investir avec sa s\u0153ur et son beau-fr\u00e8re dans la soci\u00e9t\u00e9 \u00ab LINDA \u00bb\u00a0 ayant pour objet l\u2019acquisition la vente, l\u2019exploitation de tous fonds de commerce de d\u00e9bits de boissons, bar, brasserie, restaurant sous toutes ses formes, discoth\u00e8que, PMU, LOTO\u2026etc. Pour ce faire, Djamila a donn\u00e9, selon la m\u00eame source, une procuration, dat\u00e9e du 15 septembre 2010 et sign\u00e9e aupr\u00e8s du Notaire Kaddour Belgacem \u00e0 Alger, \u00e0 sa s\u0153ur, demeurant au Saint Maure des Fosses, dans le d\u00e9partement de la grande m\u00e9tropole parisienne du Val de Marne. La source ajoute que Mme Djamila Tamazirt a pr\u00e9alablement d\u00e9pos\u00e9 ses apports en num\u00e9raires \u00e0 la Banque Populaire Val de France, au compte de cette affaire commerciale au capital social d\u00e9risoire et immatricul\u00e9e au Registre du Commerce le 22 septembre 2010, et dans laquelle elle est actionnaire \u00e0 hauteur de 5% de parts, alors que la valeur r\u00e9elle estim\u00e9e de l\u2019entreprise (l\u2019actif net circulant) est de plus de 350.000 Euros ! Cette entreprise, qui exploite aujourd\u2019hui un restaurant, affirme la source. Rappelons que dans le cadre de son exercice, Madame Tamazirt avait pour attributions, au titre de la promotion et du d\u00e9veloppement de la petite et moyenne entreprise : d\u2019encourager la cr\u00e9ation de nouvelles petites et moyennes entreprises; au titre de la promotion et de l\u2019attractivit\u00e9 de l\u2019investissement : de proposer la politique nationale li\u00e9e \u00e0 la promotion de l\u2019investissement et l\u2019am\u00e9lioration du climat des affaires, faciliter et am\u00e9liorer l\u2019environnement d\u2019investissement, de l\u2019entrepreneuriat et de la cr\u00e9ation d\u2019entreprises, et enfin au titre de la promotion et du d\u00e9veloppement de la petite et moyenne entreprise : encourager la cr\u00e9ation de nouvelles petites et moyennes entreprises et l\u2019\u00e9largissement de leur champ d\u2019activit\u00e9. Des actions qui auraient pu mener \u00e0 mettre en place un r\u00e9seau d\u2019entreprises et d\u2019industries \u00e0 m\u00eame de participer \u00e0 la relance \u00e9conomique de l\u2019Alg\u00e9rie.<\/div>\n<\/div>\n<p>Auteur: R\u00e9flexion<br \/>\n<a href=\"https:\/\/www.reflexiondz.net\/Le-restaurant-de-l-ex-ministre-a-Paris_a60498.html\">Cliquez ici pour lire l&rsquo;article depuis sa source.<\/a><\/p>\n","protected":false},"excerpt":{"rendered":"<p>Selon une source m\u00e9diatique, en 2010, alors qu\u2019elle \u00e9tait PDG d\u2019ERIAD, l\u2019ex-ministre de l\u2019industrie, Mme Djamila Tamazirt a d\u00e9cid\u00e9 d\u2019investir avec sa s\u0153ur et son beau-fr\u00e8re dans la soci\u00e9t\u00e9 \u00ab LINDA \u00bb\u00a0 ayant pour objet l\u2019acquisition la vente, l\u2019exploitation de tous fonds de commerce de d\u00e9bits de boissons, bar, brasserie, restaurant sous toutes ses formes, [&hellip;]<\/p>\n","protected":false},"author":1740,"featured_media":0,"comment_status":"closed","ping_status":"closed","sticky":false,"template":"","format":"standard","meta":{"fifu_image_url":"","fifu_image_alt":"","footnotes":""},"categories":[53,76],"tags":[],"class_list":["post-75452","post","type-post","status-publish","format-standard","hentry","category-algerie","category-regions"],"_links":{"self":[{"href":"https:\/\/linitiative.ca\/International\/wp-json\/wp\/v2\/posts\/75452","targetHints":{"allow":["GET"]}}],"collection":[{"href":"https:\/\/linitiative.ca\/International\/wp-json\/wp\/v2\/posts"}],"about":[{"href":"https:\/\/linitiative.ca\/International\/wp-json\/wp\/v2\/types\/post"}],"author":[{"embeddable":true,"href":"https:\/\/linitiative.ca\/International\/wp-json\/wp\/v2\/users\/1740"}],"replies":[{"embeddable":true,"href":"https:\/\/linitiative.ca\/International\/wp-json\/wp\/v2\/comments?post=75452"}],"version-history":[{"count":0,"href":"https:\/\/linitiative.ca\/International\/wp-json\/wp\/v2\/posts\/75452\/revisions"}],"wp:attachment":[{"href":"https:\/\/linitiative.ca\/International\/wp-json\/wp\/v2\/media?parent=75452"}],"wp:term":[{"taxonomy":"category","embeddable":true,"href":"https:\/\/linitiative.ca\/International\/wp-json\/wp\/v2\/categories?post=75452"},{"taxonomy":"post_tag","embeddable":true,"href":"https:\/\/linitiative.ca\/International\/wp-json\/wp\/v2\/tags?post=75452"}],"curies":[{"name":"wp","href":"https:\/\/api.w.org\/{rel}","templated":true}]}}