{"id":75453,"date":"2020-02-07T11:15:00","date_gmt":"2020-02-07T16:15:00","guid":{"rendered":"https:\/\/linitiative.ca\/International\/zeghmati-desavoue-son-inspecteur-general\/"},"modified":"2020-02-07T11:15:00","modified_gmt":"2020-02-07T16:15:00","slug":"zeghmati-desavoue-son-inspecteur-general","status":"publish","type":"post","link":"https:\/\/linitiative.ca\/International\/zeghmati-desavoue-son-inspecteur-general\/","title":{"rendered":"Zeghmati  d\u00e9savoue son inspecteur g\u00e9n\u00e9ral"},"content":{"rendered":"<p><br id=\"sep_para_1\" class=\"sep_para access\"\/><\/p>\n<div id=\"para_1\" class=\"para_35444801 resize\">\n<div class=\"photo shadow left\"><a href=\"javascript:void(0)\" rel=\"https:\/\/www.reflexiondz.net\/photo\/art\/grande\/42562801-35444801.jpg?v=1581096582&#038;ibox\" title=\"Zeghmati d\u00e9savoue son inspecteur g\u00e9n\u00e9ral\"><img decoding=\"async\" class=\"responsive c9\" src=\"https:\/\/www.reflexiondz.net\/photo\/art\/grande\/42562801-35444801.jpg?v=1581096582\" alt=\"Zeghmati d\u00e9savoue son inspecteur g\u00e9n\u00e9ral\" title=\"Zeghmati d\u00e9savoue son inspecteur g\u00e9n\u00e9ral\"\/><img decoding=\"async\" class=\"not-responsive\" src=\"https:\/\/www.reflexiondz.net\/photo\/art\/default\/42562801-35444801.jpg?v=1581096583\" alt=\"Zeghmati d\u00e9savoue son inspecteur g\u00e9n\u00e9ral\" title=\"Zeghmati d\u00e9savoue son inspecteur g\u00e9n\u00e9ral\"\/><\/a><\/div>\n<div class=\"texte access firstletter\">Le minist\u00e8re de la Justice, dans une correspondance adress\u00e9e jeudi aux pr\u00e9sidents et aux procureurs g\u00e9n\u00e9raux des tribunaux des 48 wilayas, a remis en cause le contenu d&rsquo;une pr\u00e9c\u00e9dente instruction \u00e9manant de son inspecteur g\u00e9n\u00e9ral\u00a0 dans laquelle il avait exprim\u00e9 sa \u00abgrande d\u00e9ception\u00bb par rapport \u00e0 certains verdicts prononc\u00e9s et d\u00e9cisions judiciaires prises \u00abqui n\u2019ont aucune base juridique\u00bb. En effet, le second courrier portant la griffe du secr\u00e9taire g\u00e9n\u00e9ral du d\u00e9partement de Zeghmati, a instruit les pr\u00e9sidents et les procureurs g\u00e9n\u00e9raux des tribunaux des 48 wilayas de ne pas tenir compte de l&rsquo;instruction de l&rsquo;inspecteur g\u00e9n\u00e9ral datant du mercredi 5 f\u00e9vrier courant.<\/div>\n<\/div>\n<p>Auteur: R\u00e9flexion<br \/>\n<a href=\"https:\/\/www.reflexiondz.net\/Zeghmati-desavoue-son-inspecteur-general_a60500.html\">Cliquez ici pour lire l&rsquo;article depuis sa source.<\/a><\/p>\n","protected":false},"excerpt":{"rendered":"<p>Le minist\u00e8re de la Justice, dans une correspondance adress\u00e9e jeudi aux pr\u00e9sidents et aux procureurs g\u00e9n\u00e9raux des tribunaux des 48 wilayas, a remis en cause le contenu d&rsquo;une pr\u00e9c\u00e9dente instruction \u00e9manant de son inspecteur g\u00e9n\u00e9ral\u00a0 dans laquelle il avait exprim\u00e9 sa \u00abgrande d\u00e9ception\u00bb par rapport \u00e0 certains verdicts prononc\u00e9s et d\u00e9cisions judiciaires prises \u00abqui n\u2019ont [&hellip;]<\/p>\n","protected":false},"author":1740,"featured_media":0,"comment_status":"closed","ping_status":"closed","sticky":false,"template":"","format":"standard","meta":{"fifu_image_url":"","fifu_image_alt":"","footnotes":""},"categories":[53,76],"tags":[],"class_list":["post-75453","post","type-post","status-publish","format-standard","hentry","category-algerie","category-regions"],"_links":{"self":[{"href":"https:\/\/linitiative.ca\/International\/wp-json\/wp\/v2\/posts\/75453","targetHints":{"allow":["GET"]}}],"collection":[{"href":"https:\/\/linitiative.ca\/International\/wp-json\/wp\/v2\/posts"}],"about":[{"href":"https:\/\/linitiative.ca\/International\/wp-json\/wp\/v2\/types\/post"}],"author":[{"embeddable":true,"href":"https:\/\/linitiative.ca\/International\/wp-json\/wp\/v2\/users\/1740"}],"replies":[{"embeddable":true,"href":"https:\/\/linitiative.ca\/International\/wp-json\/wp\/v2\/comments?post=75453"}],"version-history":[{"count":0,"href":"https:\/\/linitiative.ca\/International\/wp-json\/wp\/v2\/posts\/75453\/revisions"}],"wp:attachment":[{"href":"https:\/\/linitiative.ca\/International\/wp-json\/wp\/v2\/media?parent=75453"}],"wp:term":[{"taxonomy":"category","embeddable":true,"href":"https:\/\/linitiative.ca\/International\/wp-json\/wp\/v2\/categories?post=75453"},{"taxonomy":"post_tag","embeddable":true,"href":"https:\/\/linitiative.ca\/International\/wp-json\/wp\/v2\/tags?post=75453"}],"curies":[{"name":"wp","href":"https:\/\/api.w.org\/{rel}","templated":true}]}}