{"id":75469,"date":"2020-02-07T16:24:16","date_gmt":"2020-02-07T21:24:16","guid":{"rendered":"https:\/\/linitiative.ca\/International\/myriem-el-broji-une-patronne-au-long-cours\/"},"modified":"2020-02-07T16:24:16","modified_gmt":"2020-02-07T21:24:16","slug":"myriem-el-broji-une-patronne-au-long-cours","status":"publish","type":"post","link":"https:\/\/linitiative.ca\/International\/myriem-el-broji-une-patronne-au-long-cours\/","title":{"rendered":"Myriem El Broji, une patronne au long cours"},"content":{"rendered":"<p><strong>Sa passion pour le tourisme, et notamment pour l\u2019organisation des voyages, est indescriptible. Ayant d\u00e9marr\u00e9 sa carri\u00e8re \u00e0 Bruxelles chez un tour-op\u00e9rateur, Myriem El Broji a acquis une solide exp\u00e9rience en la mati\u00e8re. En 2017, elle d\u00e9cide de quitter la Belgique pour s\u2019installer au Maroc o\u00f9 elle a cr\u00e9\u00e9 son agence de voyage, MTO Travel Consulting, sp\u00e9cialiste des croisi\u00e8res et des voyages \u00e0 la carte. \u00a0<\/strong><\/p>\n<div class=\"c10\"\/>\n<p><strong>\u00ab<\/strong><em>Choisis un travail que tu aimes, et tu n\u2019auras jamais \u00e0 travailler un seul jour de ta vie\u00bb<\/em>. Ce proverbe de Confucius caract\u00e9rise bien Myriem El Broji. Elle a toujours eu un penchant pour le tourisme et tout ce qui tourne autour. Apr\u00e8s ses \u00e9tudes en Marketing et Gestion des entreprises, elle d\u00e9marre sa carri\u00e8re chez un tour op\u00e9rateur en 2001 \u00e0 Bruxelles (Belgique). Cette premi\u00e8re exp\u00e9rience professionnelle, qui va l\u2019imbiber dans le secteur du tourisme, l\u2019am\u00e8ne \u00e0 mieux cerner les rouages du business. <em>\u00ab J\u2019ai d\u00fb \u00e0 la fois m\u2019occuper du d\u00e9veloppement du tour-op\u00e9rateur, des circuits, des h\u00f4tels, des contrats de collaboration mais aussi du d\u00e9veloppement du B to B et du B to C\u00bb<\/em>, se souvient-elle. Elle m\u00e8ne sa carri\u00e8re en Belgique jusqu\u2019en 2017, ann\u00e9e o\u00f9 elle d\u00e9cide de rentrer au bercail pour s\u2019installer d\u00e9finitivement. <em>\u00ab En 2017, j\u2019ai d\u00e9cid\u00e9 de quitter la Belgique pour m\u2019installer au Maroc o\u00f9 j\u2019ai cr\u00e9\u00e9 mon agence MTO Travel Consulting, une succursale de l\u2019agence MTO VIP Travel, entreprise familiale fond\u00e9e par mon p\u00e8re et qui existe depuis 10 ans \u00e0 Tanger, et que mon p\u00e8re, ma s\u0153ur et mon fr\u00e8re g\u00e8rent. Mon ambition est de d\u00e9velopper le consulting dans le domaine du voyage<\/em> \u00bb, d\u00e9taille Myriem El Broji.\u00a0<\/p>\n<p><strong>Une passion familiale\u00a0<\/strong><\/p>\n<p><strong>\u00ab<\/strong><em>Nous n\u2019avons pas une agence de passage, mais un endroit convivial o\u00f9 nous recevons nos futurs voyageurs pour comprendre leurs besoins, prendre connaissance de leurs budgets afin de r\u00e9pondre au mieux \u00e0 leurs besoins. Nous sommes sp\u00e9cialistes des croisi\u00e8res, et nous avons aussi d\u00e9velopp\u00e9 les voyages linguistiques \u00e0 travers le monde. Nous avons un d\u00e9partement sp\u00e9cialis\u00e9 sur l\u2019Asie et sur les USA. Notre point fort est de travailler en famille, de nous occuper nous-m\u00eames des dossiers de nos clients et ne faire que ce que nous savons faire et ce que nous ma\u00eetrisons. Dans le cas contraire, nous orientons nos clients vers d\u2019autres sp\u00e9cialistes. Nous avons aussi d\u00e9velopp\u00e9 la partie Corporate et le MICE \u00bb<\/em>, pr\u00e9cise-t-elle. Il va sans dire qu\u2019elle est passionn\u00e9e par ce qu\u2019elle fait. <em>\u00ab Mto a \u00e9t\u00e9 le r\u00eave de mon p\u00e8re qui est un grand amoureux et un passionn\u00e9 du monde des voyages. Ancien directeur de Royal air Maroc, il a r\u00e9ussi \u00e0 nous transmettre l\u2019amour de ce m\u00e9tier et nous a permis de l\u2019int\u00e9grer avec beaucoup d\u2019humilit\u00e9 et de rigueur. Il est le pr\u00e9sident de Mto et c\u2019est lui qui nous motive au quotidien pour continuer ce r\u00eave et nous \u00e9panouir dans ce domaine. J\u2019ai quitt\u00e9 la Belgique, apr\u00e8s 20 ans de vie l\u00e0-bas, par amour pour le Maroc, et avec l\u2019envie de r\u00e9ussir et de contribuer \u00e0 l \u00e9volution de mon pays<\/em>\u00bb, confie la jeune entrepreneure. L\u2019agence, qui se positionne sur un segment de niche, entend poursuivre son d\u00e9veloppement en continuant d\u2019enrichir ses offres pour mieux r\u00e9pondre aux besoins de sa client\u00e8le.\u00a0<\/p>\n<p><strong>Ambitions<\/strong>\u00a0<\/p>\n<p><strong>\u00ab<\/strong><em>Nous offrons avant tout du conseil et un service bas\u00e9 sur notre savoir-faire. Le d\u00e9veloppement se fait par secteur d\u2019activit\u00e9s en essayant d\u2019offrir le maximum d\u2019infos et de services \u00e0 nos clients. Nous essayons de d\u00e9velopper des voyages th\u00e9matiques, sportifs, golfiques ou autres \u00bb<\/em>, avance Myriem El Broji. L\u2019ambition affich\u00e9e \u00e0 court et \u00e0 moyen terme est de d\u00e9velopper la partie MICE, signer des contrats avec des nouveaux tours op\u00e9rateurs en Europe, aux Moyen-Orient et aux Etats-Unis, ou encore de trouver de nouvelles destinations. <em>\u00ab L\u2019objectif est de consolider notre pr\u00e9sence sur le march\u00e9 des agences de voyages notamment \u00e0 Tanger et \u00e0 Casablanca, et se faire connaitre comme agence sp\u00e9cialiste des croisi\u00e8res et des voyages \u00e0 la carte<\/em> \u00bb, pr\u00e9cise Myriem El Broji. N\u00e9e le 1er juillet 1978 \u00e0 Casablanca, Myriem El Broji est la cadette d\u2019une famille de quatre enfants. Elle a effectu\u00e9 ses \u00e9tudes primaires \u00e0 Casablanca \u00e0 la Maison d\u2019Anfa, avant de s\u2019installer \u00e0 Tanger pour le coll\u00e8ge et le lyc\u00e9e. Elle d\u00e9croche son BAC en 1997 et s\u2019envole alors \u00e0 Bruxelles pour poursuivre des \u00e9tudes universitaires. De 1997 \u00e0 2001, elle est inscrite \u00e0 l\u2019\u00c9cole pratique des hautes \u00e9tudes commerciales (Bruxelles) pour un Master en Marketing et Gestion des entreprises. En 2015, elle d\u00e9cide de compl\u00e9ter sa formation avec un nouveau dipl\u00f4me en Finance\/Trading de 2 ans \u00e0 la TKL TRADING SCHOOL<\/p>\n<p>BIO EXPRESS<\/p>\n<p>1978\u00a0<\/p>\n<p>Naissance \u00e0 Casablanca\u00a0<\/p>\n<p>1997<\/p>\n<p>Obtention du Baccalaur\u00e9at\u00a0<\/p>\n<p>2001<\/p>\n<p>D\u00e9but de carri\u00e8re \u00e0 Bruxelles\u00a0<\/p>\n<p>2017<\/p>\n<p>Retour d\u00e9finitif au Maroc\u00a0<\/p>\n<p>.<\/p>\n<div class=\"c17\">\n<fieldset class=\"c16\">\n<legend><strong><span class=\"c11\">Challenge<\/span><span class=\"c12\">news<\/span><\/strong><\/legend>\n<div class=\"c15\">Le meilleur de Challenge s\u00e9lectionn\u00e9 par la r\u00e9daction :<\/p>\n<\/div>\n<\/fieldset>\n<\/div>\n<p>Auteur: Roland Amoussou<br \/>\n<a href=\"https:\/\/www.challenge.ma\/myriem-el-broji-une-patronne-au-long-cours-129671\/\">Cliquez ici pour lire l&rsquo;article depuis sa source.<\/a><\/p>\n","protected":false},"excerpt":{"rendered":"<p>Sa passion pour le tourisme, et notamment pour l\u2019organisation des voyages, est indescriptible. Ayant d\u00e9marr\u00e9 sa carri\u00e8re \u00e0 Bruxelles chez un tour-op\u00e9rateur, Myriem El Broji a acquis une solide exp\u00e9rience en la mati\u00e8re. En 2017, elle d\u00e9cide de quitter la Belgique pour s\u2019installer au Maroc o\u00f9 elle a cr\u00e9\u00e9 son agence de voyage, MTO Travel [&hellip;]<\/p>\n","protected":false},"author":1787,"featured_media":0,"comment_status":"closed","ping_status":"closed","sticky":false,"template":"","format":"standard","meta":{"fifu_image_url":"","fifu_image_alt":"","footnotes":""},"categories":[78,54],"tags":[],"class_list":["post-75469","post","type-post","status-publish","format-standard","hentry","category-economie","category-maroc"],"_links":{"self":[{"href":"https:\/\/linitiative.ca\/International\/wp-json\/wp\/v2\/posts\/75469","targetHints":{"allow":["GET"]}}],"collection":[{"href":"https:\/\/linitiative.ca\/International\/wp-json\/wp\/v2\/posts"}],"about":[{"href":"https:\/\/linitiative.ca\/International\/wp-json\/wp\/v2\/types\/post"}],"author":[{"embeddable":true,"href":"https:\/\/linitiative.ca\/International\/wp-json\/wp\/v2\/users\/1787"}],"replies":[{"embeddable":true,"href":"https:\/\/linitiative.ca\/International\/wp-json\/wp\/v2\/comments?post=75469"}],"version-history":[{"count":0,"href":"https:\/\/linitiative.ca\/International\/wp-json\/wp\/v2\/posts\/75469\/revisions"}],"wp:attachment":[{"href":"https:\/\/linitiative.ca\/International\/wp-json\/wp\/v2\/media?parent=75469"}],"wp:term":[{"taxonomy":"category","embeddable":true,"href":"https:\/\/linitiative.ca\/International\/wp-json\/wp\/v2\/categories?post=75469"},{"taxonomy":"post_tag","embeddable":true,"href":"https:\/\/linitiative.ca\/International\/wp-json\/wp\/v2\/tags?post=75469"}],"curies":[{"name":"wp","href":"https:\/\/api.w.org\/{rel}","templated":true}]}}