{"id":75470,"date":"2020-02-07T15:19:41","date_gmt":"2020-02-07T20:19:41","guid":{"rendered":"https:\/\/linitiative.ca\/International\/tunisie-makhlouf-furieux-de-la-part-dal-karama-de-la-tarte\/"},"modified":"2020-02-07T15:19:41","modified_gmt":"2020-02-07T20:19:41","slug":"tunisie-makhlouf-furieux-de-la-part-dal-karama-de-la-tarte","status":"publish","type":"post","link":"https:\/\/linitiative.ca\/International\/tunisie-makhlouf-furieux-de-la-part-dal-karama-de-la-tarte\/","title":{"rendered":"Tunisie \u2013 Makhlouf furieux de la part d\u2019Al Karama de \u00ab la tarte \u00bb"},"content":{"rendered":"<div class=\"post-cont-in left relative\">\n<p>Le porte-parole de la coalition Al Karama, <a href=\"https:\/\/www.tunisienumerique.com\/tunisie-actualite\/seifeddine-makhlouf\/\" title=\"Seifeddine Makhlouf\" target=\"_top\" class=\"auto-link\" rel=\"noopener noreferrer\">Seifeddine Makhlouf<\/a> a d\u00e9plor\u00e9, ce vendredi, \u00e0 l\u2019issue de son entretien avec Elyes Fakhhfakh, que celui-ci ait refus\u00e9 l\u2019octroi du minist\u00e8re de l\u2019Int\u00e9rieur au d\u00e9put\u00e9 de leur bloc, Yosri Dali.<\/p>\n<div class=\"code-block code-block-1 c3\"><ins class=\"adsbygoogle c2\" data-ad-layout=\"in-article\" data-ad-format=\"fluid\" data-ad-client=\"ca-pub-2102118777505746\" data-ad-slot=\"7301775417\"\/> <\/div>\n<p>Makhlouf a aussi fait part de son d\u00e9sappointement face au refus par Elyes Fakhfekh d\u2019autres noms propos\u00e9s par la coalition.<\/p>\n<p>Il a ajout\u00e9 qu\u2019il a des doutes quant aux chances du gouvernement de passer devant l\u2019ARP, puisque Fakhfekh a choisi de donner \u00e0 tous les partis formant son soutien politique, le m\u00eame nombre de portefeuilles, faisant abstraction de leurs diff\u00e9rents poids \u00e0 l\u2019Assembl\u00e9e.<\/p>\n<div class=\"swp_social_panel swp_horizontal_panel swp_flat_fresh swp_default_full_color swp_individual_full_color swp_other_full_color scale-100 scale-\" data-min-width=\"1100\" data-float-color=\"#ffffff\" data-float=\"bottom\" data-float-mobile=\"bottom\" data-transition=\"slide\">\n<div class=\"nc_tweetContainer swp_share_button total_shares total_sharesalt\"><span class=\"swp_count\">10 <span class=\"swp_label\">Partages<\/span><\/span><\/div>\n<\/div>\n<p><strong>Que se passe-t-il en Tunisie?<\/strong><br \/>Nous expliquons sur notre <a href=\"https:\/\/www.youtube.com\/channel\/UCRzypVq0B_yBad5eGrwBx0Q?sub_confirmation=1\" target=\"_blank\" rel=\"noopener noreferrer\">cha\u00eene YouTube<\/a> . <a href=\"https:\/\/www.youtube.com\/channel\/UCRzypVq0B_yBad5eGrwBx0Q?sub_confirmation=1\" target=\"_blank\" rel=\"noopener noreferrer\">Abonnez-vous!<\/a><\/p>\n<div class=\"mvp-org-wrap mvp-org-logo\" itemprop=\"publisher\" itemscope=\"\" itemtype=\"https:\/\/schema.org\/Organization\"><img decoding=\"async\" src=\"https:\/\/www.tunisienumerique.com\/wp-content\/uploads\/2017\/02\/logo_tunisie_numerique.png\"\/><\/div>\n<div class=\"mvp-related-posts left relative\">\n<h4 class=\"post-header\"><span class=\"post-header\">Lire aussi<\/span><\/h4>\n<\/div>\n<\/div>\n<p>Auteur: LM<br \/>\n<a href=\"https:\/\/www.tunisienumerique.com\/tunisie-makhlouf-furieux-de-la-part-dal-karama-de-la-tarte\/\">Cliquez ici pour lire l&rsquo;article depuis sa source.<\/a><\/p>\n","protected":false},"excerpt":{"rendered":"<p>Le porte-parole de la coalition Al Karama, Seifeddine Makhlouf a d\u00e9plor\u00e9, ce vendredi, \u00e0 l\u2019issue de son entretien avec Elyes Fakhhfakh, que celui-ci ait refus\u00e9 l\u2019octroi du minist\u00e8re de l\u2019Int\u00e9rieur au d\u00e9put\u00e9 de leur bloc, Yosri Dali. Makhlouf a aussi fait part de son d\u00e9sappointement face au refus par Elyes Fakhfekh d\u2019autres noms propos\u00e9s par [&hellip;]<\/p>\n","protected":false},"author":1789,"featured_media":75471,"comment_status":"closed","ping_status":"closed","sticky":false,"template":"","format":"standard","meta":{"fifu_image_url":"","fifu_image_alt":"","footnotes":""},"categories":[73,55],"tags":[],"class_list":["post-75470","post","type-post","status-publish","format-standard","has-post-thumbnail","hentry","category-actualite","category-tunisie"],"_links":{"self":[{"href":"https:\/\/linitiative.ca\/International\/wp-json\/wp\/v2\/posts\/75470","targetHints":{"allow":["GET"]}}],"collection":[{"href":"https:\/\/linitiative.ca\/International\/wp-json\/wp\/v2\/posts"}],"about":[{"href":"https:\/\/linitiative.ca\/International\/wp-json\/wp\/v2\/types\/post"}],"author":[{"embeddable":true,"href":"https:\/\/linitiative.ca\/International\/wp-json\/wp\/v2\/users\/1789"}],"replies":[{"embeddable":true,"href":"https:\/\/linitiative.ca\/International\/wp-json\/wp\/v2\/comments?post=75470"}],"version-history":[{"count":0,"href":"https:\/\/linitiative.ca\/International\/wp-json\/wp\/v2\/posts\/75470\/revisions"}],"wp:featuredmedia":[{"embeddable":true,"href":"https:\/\/linitiative.ca\/International\/wp-json\/"}],"wp:attachment":[{"href":"https:\/\/linitiative.ca\/International\/wp-json\/wp\/v2\/media?parent=75470"}],"wp:term":[{"taxonomy":"category","embeddable":true,"href":"https:\/\/linitiative.ca\/International\/wp-json\/wp\/v2\/categories?post=75470"},{"taxonomy":"post_tag","embeddable":true,"href":"https:\/\/linitiative.ca\/International\/wp-json\/wp\/v2\/tags?post=75470"}],"curies":[{"name":"wp","href":"https:\/\/api.w.org\/{rel}","templated":true}]}}