{"id":75472,"date":"2020-02-07T15:33:40","date_gmt":"2020-02-07T20:33:40","guid":{"rendered":"https:\/\/linitiative.ca\/International\/la-tunisie-connaitra-des-difficultes-financieres-durant-les-cinq-prochaines-annees\/"},"modified":"2020-02-07T15:33:40","modified_gmt":"2020-02-07T20:33:40","slug":"la-tunisie-connaitra-des-difficultes-financieres-durant-les-cinq-prochaines-annees","status":"publish","type":"post","link":"https:\/\/linitiative.ca\/International\/la-tunisie-connaitra-des-difficultes-financieres-durant-les-cinq-prochaines-annees\/","title":{"rendered":"La Tunisie connaitra des difficult\u00e9s financi\u00e8res durant les cinq prochaines ann\u00e9es"},"content":{"rendered":"<div class=\"post-cont-in left relative\">\n<p>Le gouverneur de la Banque centrale, Marouane Abassi a d\u00e9clar\u00e9, ce vendredi, lors de son audition \u00e0 l\u2019ARP, que la Tunisie conna\u00eetra, malgr\u00e9 la nette am\u00e9lioration de tous les indicateurs \u00e9conomiques, des difficult\u00e9s financi\u00e8res, durant les cinq ann\u00e9es \u00e0 venir.<\/p>\n<div class=\"code-block code-block-1 c3\"><ins class=\"adsbygoogle c2\" data-ad-layout=\"in-article\" data-ad-format=\"fluid\" data-ad-client=\"ca-pub-2102118777505746\" data-ad-slot=\"7301775417\"\/> <\/div>\n<p>Abassi a expliqu\u00e9 que cela est d\u00fb au fait de l\u2019obligation que va avoir le pays \u00e0 rembourser de nombreux cr\u00e9dits et pr\u00eats dont celui du FMI.<\/p>\n<p>Il a ajout\u00e9 que l\u2019augmentation de la dette ext\u00e9rieure ainsi que le ralentissement du d\u00e9veloppement ont contribu\u00e9 \u00e0 cette situation critique.<\/p>\n<div class=\"swp_social_panel swp_horizontal_panel swp_flat_fresh swp_default_full_color swp_individual_full_color swp_other_full_color scale-100 scale-\" data-min-width=\"1100\" data-float-color=\"#ffffff\" data-float=\"bottom\" data-float-mobile=\"bottom\" data-transition=\"slide\">\n<div class=\"nc_tweetContainer swp_share_button total_shares total_sharesalt\"><span class=\"swp_count\">10 <span class=\"swp_label\">Partages<\/span><\/span><\/div>\n<\/div>\n<p><strong>Que se passe-t-il en Tunisie?<\/strong><br \/>Nous expliquons sur notre <a href=\"https:\/\/www.youtube.com\/channel\/UCRzypVq0B_yBad5eGrwBx0Q?sub_confirmation=1\" target=\"_blank\" rel=\"noopener noreferrer\">cha\u00eene YouTube<\/a> . <a href=\"https:\/\/www.youtube.com\/channel\/UCRzypVq0B_yBad5eGrwBx0Q?sub_confirmation=1\" target=\"_blank\" rel=\"noopener noreferrer\">Abonnez-vous!<\/a><\/p>\n<div class=\"mvp-org-wrap mvp-org-logo\" itemprop=\"publisher\" itemscope=\"\" itemtype=\"https:\/\/schema.org\/Organization\"><img decoding=\"async\" src=\"https:\/\/www.tunisienumerique.com\/wp-content\/uploads\/2017\/02\/logo_tunisie_numerique.png\"\/><\/div>\n<div class=\"mvp-related-posts left relative\">\n<h4 class=\"post-header\"><span class=\"post-header\">Lire aussi<\/span><\/h4>\n<\/div>\n<\/div>\n<p>Auteur: LM<br \/>\n<a href=\"https:\/\/www.tunisienumerique.com\/la-tunisie-connaitra-des-difficultes-financieres-durant-les-cinq-prochaines-annees\/\">Cliquez ici pour lire l&rsquo;article depuis sa source.<\/a><\/p>\n","protected":false},"excerpt":{"rendered":"<p>Le gouverneur de la Banque centrale, Marouane Abassi a d\u00e9clar\u00e9, ce vendredi, lors de son audition \u00e0 l\u2019ARP, que la Tunisie conna\u00eetra, malgr\u00e9 la nette am\u00e9lioration de tous les indicateurs \u00e9conomiques, des difficult\u00e9s financi\u00e8res, durant les cinq ann\u00e9es \u00e0 venir. Abassi a expliqu\u00e9 que cela est d\u00fb au fait de l\u2019obligation que va avoir le [&hellip;]<\/p>\n","protected":false},"author":1789,"featured_media":75473,"comment_status":"closed","ping_status":"closed","sticky":false,"template":"","format":"standard","meta":{"fifu_image_url":"","fifu_image_alt":"","footnotes":""},"categories":[73,55],"tags":[],"class_list":["post-75472","post","type-post","status-publish","format-standard","has-post-thumbnail","hentry","category-actualite","category-tunisie"],"_links":{"self":[{"href":"https:\/\/linitiative.ca\/International\/wp-json\/wp\/v2\/posts\/75472","targetHints":{"allow":["GET"]}}],"collection":[{"href":"https:\/\/linitiative.ca\/International\/wp-json\/wp\/v2\/posts"}],"about":[{"href":"https:\/\/linitiative.ca\/International\/wp-json\/wp\/v2\/types\/post"}],"author":[{"embeddable":true,"href":"https:\/\/linitiative.ca\/International\/wp-json\/wp\/v2\/users\/1789"}],"replies":[{"embeddable":true,"href":"https:\/\/linitiative.ca\/International\/wp-json\/wp\/v2\/comments?post=75472"}],"version-history":[{"count":0,"href":"https:\/\/linitiative.ca\/International\/wp-json\/wp\/v2\/posts\/75472\/revisions"}],"wp:featuredmedia":[{"embeddable":true,"href":"https:\/\/linitiative.ca\/International\/wp-json\/"}],"wp:attachment":[{"href":"https:\/\/linitiative.ca\/International\/wp-json\/wp\/v2\/media?parent=75472"}],"wp:term":[{"taxonomy":"category","embeddable":true,"href":"https:\/\/linitiative.ca\/International\/wp-json\/wp\/v2\/categories?post=75472"},{"taxonomy":"post_tag","embeddable":true,"href":"https:\/\/linitiative.ca\/International\/wp-json\/wp\/v2\/tags?post=75472"}],"curies":[{"name":"wp","href":"https:\/\/api.w.org\/{rel}","templated":true}]}}