{"id":75474,"date":"2020-02-07T16:20:46","date_gmt":"2020-02-07T21:20:46","guid":{"rendered":"https:\/\/linitiative.ca\/International\/tunisie-ce-nest-pas-la-faute-dennahdha-si-elle-na-pas-pu-former-un-gouvernement-avec-le-courant-revolutionnaire\/"},"modified":"2020-02-07T16:20:46","modified_gmt":"2020-02-07T21:20:46","slug":"tunisie-ce-nest-pas-la-faute-dennahdha-si-elle-na-pas-pu-former-un-gouvernement-avec-le-courant-revolutionnaire","status":"publish","type":"post","link":"https:\/\/linitiative.ca\/International\/tunisie-ce-nest-pas-la-faute-dennahdha-si-elle-na-pas-pu-former-un-gouvernement-avec-le-courant-revolutionnaire\/","title":{"rendered":"Tunisie \u2013 Ce n\u2019est pas la faute d\u2019Ennahdha si elle n\u2019a pas pu former un gouvernement avec le \u00ab courant r\u00e9volutionnaire \u00bb"},"content":{"rendered":"<div class=\"post-cont-in left relative\">\n<p>Le pr\u00e9sident de la Choura d\u2019<a href=\"https:\/\/www.tunisienumerique.com\/tunisie-actualite\/ennahdha\/\" title=\"Ennahdha\" target=\"_top\" class=\"auto-link\" rel=\"noopener noreferrer\">Ennahdha<\/a>, Abdelkarim Harouni, a annonc\u00e9, ce vendredi qu\u2019Ennahdha a bien tent\u00e9 de former un gouvernement en coalition avec les forces qui se revendiquent du courant r\u00e9volutionnaire, mais elle n\u2019y est pas parvenue.<\/p>\n<div class=\"code-block code-block-1 c3\"><ins class=\"adsbygoogle c2\" data-ad-layout=\"in-article\" data-ad-format=\"fluid\" data-ad-client=\"ca-pub-2102118777505746\" data-ad-slot=\"7301775417\"\/> <\/div>\n<p>Harouni a pr\u00e9cis\u00e9 que ce n\u2019est nullement la faute \u00e0 Ennahdha si elle n\u2019a pas r\u00e9ussi, mais cet \u00e9chec serait \u00e0 mettre sur le dos de ces forces \u00ab\u00a0r\u00e9volutionnaires\u00a0\u00bb, comme le courant d\u00e9mocratique et le mouvement Echaab.<\/p>\n<p>C\u2019est pour cette raison, a ajout\u00e9 Harouni, que dans le souci d\u2019assoir un soutien politique assez confortable au gouvernement, Ennahdha a d\u00e9cid\u00e9 de s\u2019allier \u00e0 <a href=\"https:\/\/www.tunisienumerique.com\/tunisie-actualite\/qalb-tounes\/\" title=\"9alb Tounes\" target=\"_top\" class=\"auto-link\" rel=\"noopener noreferrer\">9alb Tounes<\/a>.<\/p>\n<div class=\"swp_social_panel swp_horizontal_panel swp_flat_fresh swp_default_full_color swp_individual_full_color swp_other_full_color scale-100 scale-\" data-min-width=\"1100\" data-float-color=\"#ffffff\" data-float=\"bottom\" data-float-mobile=\"bottom\" data-transition=\"slide\">\n<div class=\"nc_tweetContainer swp_share_button total_shares total_sharesalt\"><span class=\"swp_count\">2 <span class=\"swp_label\">Partages<\/span><\/span><\/div>\n<\/div>\n<p><strong>Que se passe-t-il en Tunisie?<\/strong><br \/>Nous expliquons sur notre <a href=\"https:\/\/www.youtube.com\/channel\/UCRzypVq0B_yBad5eGrwBx0Q?sub_confirmation=1\" target=\"_blank\" rel=\"noopener noreferrer\">cha\u00eene YouTube<\/a> . <a href=\"https:\/\/www.youtube.com\/channel\/UCRzypVq0B_yBad5eGrwBx0Q?sub_confirmation=1\" target=\"_blank\" rel=\"noopener noreferrer\">Abonnez-vous!<\/a><\/p>\n<div class=\"mvp-org-wrap mvp-org-logo\" itemprop=\"publisher\" itemscope=\"\" itemtype=\"https:\/\/schema.org\/Organization\"><img decoding=\"async\" src=\"https:\/\/www.tunisienumerique.com\/wp-content\/uploads\/2017\/02\/logo_tunisie_numerique.png\"\/><\/div>\n<div class=\"mvp-related-posts left relative\">\n<h4 class=\"post-header\"><span class=\"post-header\">Lire aussi<\/span><\/h4>\n<\/div>\n<\/div>\n<p>Auteur: LM<br \/>\n<a href=\"https:\/\/www.tunisienumerique.com\/tunisie-ce-nest-pas-la-faute-dennahdha-si-elle-na-pas-pu-former-un-gouvernement-avec-le-courant-revolutionnaire\/\">Cliquez ici pour lire l&rsquo;article depuis sa source.<\/a><\/p>\n","protected":false},"excerpt":{"rendered":"<p>Le pr\u00e9sident de la Choura d\u2019Ennahdha, Abdelkarim Harouni, a annonc\u00e9, ce vendredi qu\u2019Ennahdha a bien tent\u00e9 de former un gouvernement en coalition avec les forces qui se revendiquent du courant r\u00e9volutionnaire, mais elle n\u2019y est pas parvenue. Harouni a pr\u00e9cis\u00e9 que ce n\u2019est nullement la faute \u00e0 Ennahdha si elle n\u2019a pas r\u00e9ussi, mais cet [&hellip;]<\/p>\n","protected":false},"author":1789,"featured_media":75475,"comment_status":"closed","ping_status":"closed","sticky":false,"template":"","format":"standard","meta":{"fifu_image_url":"","fifu_image_alt":"","footnotes":""},"categories":[73,55],"tags":[],"class_list":["post-75474","post","type-post","status-publish","format-standard","has-post-thumbnail","hentry","category-actualite","category-tunisie"],"_links":{"self":[{"href":"https:\/\/linitiative.ca\/International\/wp-json\/wp\/v2\/posts\/75474","targetHints":{"allow":["GET"]}}],"collection":[{"href":"https:\/\/linitiative.ca\/International\/wp-json\/wp\/v2\/posts"}],"about":[{"href":"https:\/\/linitiative.ca\/International\/wp-json\/wp\/v2\/types\/post"}],"author":[{"embeddable":true,"href":"https:\/\/linitiative.ca\/International\/wp-json\/wp\/v2\/users\/1789"}],"replies":[{"embeddable":true,"href":"https:\/\/linitiative.ca\/International\/wp-json\/wp\/v2\/comments?post=75474"}],"version-history":[{"count":0,"href":"https:\/\/linitiative.ca\/International\/wp-json\/wp\/v2\/posts\/75474\/revisions"}],"wp:featuredmedia":[{"embeddable":true,"href":"https:\/\/linitiative.ca\/International\/wp-json\/"}],"wp:attachment":[{"href":"https:\/\/linitiative.ca\/International\/wp-json\/wp\/v2\/media?parent=75474"}],"wp:term":[{"taxonomy":"category","embeddable":true,"href":"https:\/\/linitiative.ca\/International\/wp-json\/wp\/v2\/categories?post=75474"},{"taxonomy":"post_tag","embeddable":true,"href":"https:\/\/linitiative.ca\/International\/wp-json\/wp\/v2\/tags?post=75474"}],"curies":[{"name":"wp","href":"https:\/\/api.w.org\/{rel}","templated":true}]}}